
{"id":346,"date":"2021-12-28T10:46:13","date_gmt":"2021-12-28T09:46:13","guid":{"rendered":"https:\/\/przedszkole51.edu.wroclaw.pl\/?p=346"},"modified":"2024-10-05T15:26:48","modified_gmt":"2024-10-05T13:26:48","slug":"caly-wroclaw-czyta","status":"publish","type":"post","link":"https:\/\/przedszkole51.edu.wroclaw.pl\/index.php\/2021\/12\/28\/caly-wroclaw-czyta\/","title":{"rendered":"CA\u0141Y  WROC\u0141AW  CZYTA"},"content":{"rendered":"<div class=\"row\">\n<div class=\"col-xs-12 col-md-9 right-column content-no-modules-top\">\n<div class=\"content-main\" role=\"main\">\n<div class=\"main-text main-text-wrapper\">\n<p><img loading=\"lazy\" decoding=\"async\" class=\"alignnone size-medium wp-image-1304 aligncenter\" src=\"https:\/\/przedszkole51.edu.wroclaw.pl\/wp-content\/uploads\/sites\/69\/2021\/12\/Caly-wroclaw-czyta-300x243.jpg\" alt=\"\" width=\"300\" height=\"243\" srcset=\"https:\/\/przedszkole51.edu.wroclaw.pl\/wp-content\/uploads\/sites\/69\/2021\/12\/Caly-wroclaw-czyta-300x243.jpg 300w, https:\/\/przedszkole51.edu.wroclaw.pl\/wp-content\/uploads\/sites\/69\/2021\/12\/Caly-wroclaw-czyta-600x486.jpg 600w, https:\/\/przedszkole51.edu.wroclaw.pl\/wp-content\/uploads\/sites\/69\/2021\/12\/Caly-wroclaw-czyta.jpg 640w\" sizes=\"auto, (max-width: 300px) 100vw, 300px\" \/><\/p>\n<p>Projekt jest skierowany do wroc\u0142awian i wszystkich plac\u00f3wek edukacyjnych Wroc\u0142awia, kt\u00f3re uczestniczy\u0142y lub chc\u0105 uczestniczy\u0107 w akcji \u201eCa\u0142y Wroc\u0142aw czyta\u201d. Jego zadaniem jest podnoszenie kompetencji czytelniczych i komunikacyjnych dzieci i m\u0142odzie\u017cy oraz kszta\u0142towanie postaw zwi\u0105zanych z edukacj\u0105 alternatywn\u0105: kreatywno\u015b\u0107, oryginalno\u015b\u0107 i nietuzinkowo\u015b\u0107 w postrzeganiu szko\u0142y XXI wieku.<\/p>\n<p>Ide\u0105 projektu jest stawianie na terenie miasta oficjalnych skrzyneczek do bookcrossingu oraz\u00a0 stworzenie na terenie plac\u00f3wek przez dzieci i m\u0142odzie\u017c\u00a0 tzw. \u201ebajecznych \u0142aweczek\u201d, kt\u00f3re s\u0142u\u017cy\u0107 b\u0119d\u0105 akcjom czytelniczym, dzia\u0142aniom artystycznym i bookcrossingowi.<\/p>\n<p>Cel akcji i projektu<\/p>\n<ul>\n<li>propagowanie idei czytania w\u015br\u00f3d dzieci i m\u0142odzie\u017cy oraz mieszka\u0144c\u00f3w miasta w ramach akcji \u201eCa\u0142y Wroc\u0142aw czyta\u201d,<\/li>\n<li>integracja mieszka\u0144c\u00f3w Wroc\u0142awia wok\u00f3\u0142 \u201ebajecznych \u0142aweczek\u201d,<\/li>\n<li>odkrywanie przez dzieci i m\u0142odzie\u017c ciekawych, oryginalnych miejsc na kulturalnej mapie miasta, kt\u00f3re s\u0142u\u017cy\u0107 b\u0119d\u0105 popularyzacji czytania.<\/li>\n<\/ul>\n<p>&nbsp;<\/p>\n<p style=\"text-align: right\">Odpowiedzialna: Karolina W\u00f3jcik. Agnieszka Zawadzka<\/p>\n<\/div>\n<\/div>\n<\/div>\n<\/div>\n","protected":false},"excerpt":{"rendered":"<p>Projekt jest skierowany do wroc\u0142awian i wszystkich plac\u00f3wek edukacyjnych Wroc\u0142awia, kt\u00f3re uczestniczy\u0142y lub chc\u0105 uczestniczy\u0107 w akcji \u201eCa\u0142y Wroc\u0142aw czyta\u201d. Jego zadaniem jest podnoszenie kompetencji czytelniczych i komunikacyjnych dzieci i [&hellip;]<\/p>\n","protected":false},"author":7,"featured_media":0,"comment_status":"closed","ping_status":"closed","sticky":false,"template":"","format":"standard","meta":{"ngg_post_thumbnail":0,"footnotes":""},"categories":[4],"tags":[],"class_list":["post-346","post","type-post","status-publish","format-standard","hentry","category-programy-i-projekty","clearfix"],"_links":{"self":[{"href":"https:\/\/przedszkole51.edu.wroclaw.pl\/index.php\/wp-json\/wp\/v2\/posts\/346","targetHints":{"allow":["GET"]}}],"collection":[{"href":"https:\/\/przedszkole51.edu.wroclaw.pl\/index.php\/wp-json\/wp\/v2\/posts"}],"about":[{"href":"https:\/\/przedszkole51.edu.wroclaw.pl\/index.php\/wp-json\/wp\/v2\/types\/post"}],"author":[{"embeddable":true,"href":"https:\/\/przedszkole51.edu.wroclaw.pl\/index.php\/wp-json\/wp\/v2\/users\/7"}],"replies":[{"embeddable":true,"href":"https:\/\/przedszkole51.edu.wroclaw.pl\/index.php\/wp-json\/wp\/v2\/comments?post=346"}],"version-history":[{"count":4,"href":"https:\/\/przedszkole51.edu.wroclaw.pl\/index.php\/wp-json\/wp\/v2\/posts\/346\/revisions"}],"predecessor-version":[{"id":3814,"href":"https:\/\/przedszkole51.edu.wroclaw.pl\/index.php\/wp-json\/wp\/v2\/posts\/346\/revisions\/3814"}],"wp:attachment":[{"href":"https:\/\/przedszkole51.edu.wroclaw.pl\/index.php\/wp-json\/wp\/v2\/media?parent=346"}],"wp:term":[{"taxonomy":"category","embeddable":true,"href":"https:\/\/przedszkole51.edu.wroclaw.pl\/index.php\/wp-json\/wp\/v2\/categories?post=346"},{"taxonomy":"post_tag","embeddable":true,"href":"https:\/\/przedszkole51.edu.wroclaw.pl\/index.php\/wp-json\/wp\/v2\/tags?post=346"}],"curies":[{"name":"wp","href":"https:\/\/api.w.org\/{rel}","templated":true}]}}