
{"id":361,"date":"2021-12-28T11:02:01","date_gmt":"2021-12-28T10:02:01","guid":{"rendered":"https:\/\/przedszkole51.edu.wroclaw.pl\/?p=361"},"modified":"2025-09-29T09:41:36","modified_gmt":"2025-09-29T07:41:36","slug":"bezpiecznie-wokol-nas","status":"publish","type":"post","link":"https:\/\/przedszkole51.edu.wroclaw.pl\/index.php\/2021\/12\/28\/bezpiecznie-wokol-nas\/","title":{"rendered":"BEZPIECZNIE  WOK\u00d3\u0141  NAS"},"content":{"rendered":"<p align=\"center\"><img loading=\"lazy\" decoding=\"async\" class=\"alignnone size-full wp-image-1317\" src=\"https:\/\/przedszkole51.edu.wroclaw.pl\/wp-content\/uploads\/sites\/69\/2021\/12\/Bezpieczenstwo.jpg\" alt=\"\" width=\"297\" height=\"170\" \/><\/p>\n<p align=\"center\"><strong>PROGRAM EDUKACYJNY<\/strong><\/p>\n<p align=\"center\"><strong>\u201e BEZPIECZNIE WOK\u00d3\u0141 NAS&#8221;\u201d<\/strong><\/p>\n<p>Program przeznaczony jest dla dzieci w wieku przedszkolnym. Ma on na celu kszta\u0142towanie pozytywnych i bezpiecznych postaw oraz zachowa\u0144 dzieci w wieku przedszkolnym w sytuacjach trudnych,\u00a0zagra\u017caj\u0105cych zdrowiu a nawet \u017cyciu.<\/p>\n<p>&nbsp;<\/p>\n<p align=\"center\">Cele g\u0142\u00f3wne programu :<\/p>\n<p>&nbsp;<\/p>\n<p class=\"western\" align=\"justify\">&#8211; poszerzenie wiadomo\u015bci dziecka na temat jego bezpiecze\u0144stwa w r\u00f3\u017cnych sytuacjach;<\/p>\n<p class=\"western\" align=\"left\">&#8211; zapoznanie z przedstawicielami s\u0142u\u017cb zwi\u0105zanych z ochron\u0105 bezpiecze\u0144stwa \u017cycia i zdrowia;<\/p>\n<p class=\"western\" align=\"left\">&#8211; zapoznanie z sytuacjami zagra\u017caj\u0105cymi bezpiecze\u0144stwu zdrowia i \u017cycia;<\/p>\n<p class=\"western\" align=\"left\">&#8211; wykszta\u0142cenie u dzieci umiej\u0119tno\u015bci i nawyk\u00f3w unikania zagro\u017ce\u0144;<\/p>\n<p class=\"western\" align=\"left\">&#8211; wykszta\u0142cenie umiej\u0119tno\u015bci przyswojenia sobie okre\u015blonych norm, pozytywnych zachowa\u0144;<\/p>\n<p class=\"western\" align=\"left\">&#8211; uwra\u017cliwienie dzieci na potrzeb\u0119 bezpiecze\u0144stwa;<\/p>\n<p class=\"western\" align=\"left\">&#8211; budowanie systemu warto\u015bci \u201eco jest dobre, a co z\u0142e\u201d;<\/p>\n<p class=\"western\" align=\"left\">&#8211; kszta\u0142towanie odpowiedzialno\u015bci za w\u0142asne post\u0119powanie;<\/p>\n<p class=\"western\" align=\"left\">&#8211; uwra\u017cliwienie dzieci na potrzeb\u0119 zachowania bezpiecze\u0144stwa w sali przedszkolnej, w domu, na spacerach i wycieczkach.<\/p>\n<p style=\"text-align: right\" align=\"left\">Odpowiedzialna: Magda Bobrowska<\/p>\n","protected":false},"excerpt":{"rendered":"<p>PROGRAM EDUKACYJNY \u201e BEZPIECZNIE WOK\u00d3\u0141 NAS&#8221;\u201d Program przeznaczony jest dla dzieci w wieku przedszkolnym. Ma on na celu kszta\u0142towanie pozytywnych i bezpiecznych postaw oraz zachowa\u0144 dzieci w wieku przedszkolnym w [&hellip;]<\/p>\n","protected":false},"author":7,"featured_media":0,"comment_status":"open","ping_status":"open","sticky":false,"template":"","format":"standard","meta":{"ngg_post_thumbnail":0,"footnotes":""},"categories":[4],"tags":[],"class_list":["post-361","post","type-post","status-publish","format-standard","hentry","category-programy-i-projekty","clearfix"],"_links":{"self":[{"href":"https:\/\/przedszkole51.edu.wroclaw.pl\/index.php\/wp-json\/wp\/v2\/posts\/361","targetHints":{"allow":["GET"]}}],"collection":[{"href":"https:\/\/przedszkole51.edu.wroclaw.pl\/index.php\/wp-json\/wp\/v2\/posts"}],"about":[{"href":"https:\/\/przedszkole51.edu.wroclaw.pl\/index.php\/wp-json\/wp\/v2\/types\/post"}],"author":[{"embeddable":true,"href":"https:\/\/przedszkole51.edu.wroclaw.pl\/index.php\/wp-json\/wp\/v2\/users\/7"}],"replies":[{"embeddable":true,"href":"https:\/\/przedszkole51.edu.wroclaw.pl\/index.php\/wp-json\/wp\/v2\/comments?post=361"}],"version-history":[{"count":6,"href":"https:\/\/przedszkole51.edu.wroclaw.pl\/index.php\/wp-json\/wp\/v2\/posts\/361\/revisions"}],"predecessor-version":[{"id":5266,"href":"https:\/\/przedszkole51.edu.wroclaw.pl\/index.php\/wp-json\/wp\/v2\/posts\/361\/revisions\/5266"}],"wp:attachment":[{"href":"https:\/\/przedszkole51.edu.wroclaw.pl\/index.php\/wp-json\/wp\/v2\/media?parent=361"}],"wp:term":[{"taxonomy":"category","embeddable":true,"href":"https:\/\/przedszkole51.edu.wroclaw.pl\/index.php\/wp-json\/wp\/v2\/categories?post=361"},{"taxonomy":"post_tag","embeddable":true,"href":"https:\/\/przedszkole51.edu.wroclaw.pl\/index.php\/wp-json\/wp\/v2\/tags?post=361"}],"curies":[{"name":"wp","href":"https:\/\/api.w.org\/{rel}","templated":true}]}}