
{"id":368,"date":"2021-12-28T11:20:10","date_gmt":"2021-12-28T10:20:10","guid":{"rendered":"https:\/\/przedszkole51.edu.wroclaw.pl\/?p=368"},"modified":"2024-10-05T14:08:54","modified_gmt":"2024-10-05T12:08:54","slug":"sen-zyrafy","status":"publish","type":"post","link":"https:\/\/przedszkole51.edu.wroclaw.pl\/index.php\/2021\/12\/28\/sen-zyrafy\/","title":{"rendered":"SEN  \u017bYRAFY"},"content":{"rendered":"<p><img loading=\"lazy\" decoding=\"async\" class=\"alignnone size-medium wp-image-1306 aligncenter\" src=\"https:\/\/przedszkole51.edu.wroclaw.pl\/wp-content\/uploads\/sites\/69\/2021\/12\/zyrafa-221x300.jpg\" alt=\"\" width=\"221\" height=\"300\" srcset=\"https:\/\/przedszkole51.edu.wroclaw.pl\/wp-content\/uploads\/sites\/69\/2021\/12\/zyrafa-221x300.jpg 221w, https:\/\/przedszkole51.edu.wroclaw.pl\/wp-content\/uploads\/sites\/69\/2021\/12\/zyrafa-600x816.jpg 600w, https:\/\/przedszkole51.edu.wroclaw.pl\/wp-content\/uploads\/sites\/69\/2021\/12\/zyrafa.jpg 662w\" sizes=\"auto, (max-width: 221px) 100vw, 221px\" \/><\/p>\n<p>&nbsp;<\/p>\n<p>&#8222;<strong>Sen \u017byrafy&#8221;,<\/strong>\u00a0czyli Porozumienie Bez Przemocy w przedszkolu to program pilota\u017cowy. Wspiera cele wychowawcze takie jak: wzmacnianie \u015bwiadomo\u015bci dzieci, rozwijanie umiej\u0119tno\u015bci komunikacyjnych, potrzebnych szczeg\u00f3lnie w sytuacjach stresowych lub konfliktowych, rozwijanie empatii jak r\u00f3wnie\u017c kompetencji j\u0119zykowych. Program zawiera wszystkie formy aktywno\u015bci dzieci: spo\u0142eczne, j\u0119zykowe, poznawcze, artystyczne, ruchowe, zdrowotne.<\/p>\n<p>&nbsp;<\/p>\n<p><strong>Program zak\u0142ada:<\/strong><\/p>\n<p><strong>\u00a0<\/strong>Podstawowy trening &#8222;Porozumienia Bez Przemocy&#8221; dla nauczycieli przedszkola.<\/p>\n<ol>\n<li><strong>Tygodniowy projekt &#8222;Sen \u017byrafy&#8221; dla przedszkolak\u00f3w, prowadzony przez\u00a0 nauczycieli.<\/strong><\/li>\n<li><strong>Spotkanie z rodzicami wprowadzaj\u0105ce w metod\u0119 w obecno\u015bci trenera.<\/strong><\/li>\n<li><strong>Warsztatowe spotkania trenera z nauczycielami w celu om\u00f3wienia realizacji programu.<\/strong><\/li>\n<\/ol>\n<p>&nbsp;<\/p>\n<p>Program sk\u0142ada si\u0119 z pi\u0119ciu zaj\u0119\u0107, realizowanych w przedszkolu w ci\u0105gu pi\u0119ciu dni. Motywem przewodnim jest historyjka o ma\u0142ej \u017cyrafie, kt\u00f3ra zostaje znaleziona w przedszkolu. Tam razem z dzie\u0107mi uczy si\u0119 &#8222;j\u0119zyka \u017cyrafy&#8221;(czterech krok\u00f3w Porozumienia Bez Przemocy &#8211; obserwacja, uczucie, potrzeba, pro\u015bba), a\u017c w ko\u0144cu znajduje swoj\u0105 mam\u0119. Mama opowiada dzieciom o swoim \u015bnie, w kt\u00f3rym \u015bni\u0142a o takich relacjach mi\u0119dzy lud\u017ami, \u00a0jakich \u017cyczy\u0142aby sobie na co dzie\u0144.<\/p>\n<p>W kolejnej fazie nauczyciele wraz z dzie\u0107mi, poprzez dodatkowe \u0107wiczenia utrwalaj\u0105 i pog\u0142\u0119biaj\u0105 umiej\u0119tno\u015bci komunikacji empatycznej oraz ucz\u0105 si\u0119 rozwi\u0105zywa\u0107 sytuacje konfliktowe godnie z czterema krokami. Ca\u0142y projekt ko\u0144czy si\u0119 przyj\u0119ciem, w kt\u00f3rym bior\u0105 udzia\u0142 obie \u017cyrafy, spo\u0142eczno\u015b\u0107 przedszkolna i nawet rodzice.<\/p>\n<p>&nbsp;<\/p>\n<p style=\"text-align: right\">Odpowiedzialna : Violetta Pawlik<\/p>\n","protected":false},"excerpt":{"rendered":"<p>&nbsp; &#8222;Sen \u017byrafy&#8221;,\u00a0czyli Porozumienie Bez Przemocy w przedszkolu to program pilota\u017cowy. Wspiera cele wychowawcze takie jak: wzmacnianie \u015bwiadomo\u015bci dzieci, rozwijanie umiej\u0119tno\u015bci komunikacyjnych, potrzebnych szczeg\u00f3lnie w sytuacjach stresowych lub konfliktowych, rozwijanie [&hellip;]<\/p>\n","protected":false},"author":7,"featured_media":0,"comment_status":"open","ping_status":"open","sticky":false,"template":"","format":"standard","meta":{"ngg_post_thumbnail":0,"footnotes":""},"categories":[4],"tags":[],"class_list":["post-368","post","type-post","status-publish","format-standard","hentry","category-programy-i-projekty","clearfix"],"_links":{"self":[{"href":"https:\/\/przedszkole51.edu.wroclaw.pl\/index.php\/wp-json\/wp\/v2\/posts\/368","targetHints":{"allow":["GET"]}}],"collection":[{"href":"https:\/\/przedszkole51.edu.wroclaw.pl\/index.php\/wp-json\/wp\/v2\/posts"}],"about":[{"href":"https:\/\/przedszkole51.edu.wroclaw.pl\/index.php\/wp-json\/wp\/v2\/types\/post"}],"author":[{"embeddable":true,"href":"https:\/\/przedszkole51.edu.wroclaw.pl\/index.php\/wp-json\/wp\/v2\/users\/7"}],"replies":[{"embeddable":true,"href":"https:\/\/przedszkole51.edu.wroclaw.pl\/index.php\/wp-json\/wp\/v2\/comments?post=368"}],"version-history":[{"count":3,"href":"https:\/\/przedszkole51.edu.wroclaw.pl\/index.php\/wp-json\/wp\/v2\/posts\/368\/revisions"}],"predecessor-version":[{"id":3810,"href":"https:\/\/przedszkole51.edu.wroclaw.pl\/index.php\/wp-json\/wp\/v2\/posts\/368\/revisions\/3810"}],"wp:attachment":[{"href":"https:\/\/przedszkole51.edu.wroclaw.pl\/index.php\/wp-json\/wp\/v2\/media?parent=368"}],"wp:term":[{"taxonomy":"category","embeddable":true,"href":"https:\/\/przedszkole51.edu.wroclaw.pl\/index.php\/wp-json\/wp\/v2\/categories?post=368"},{"taxonomy":"post_tag","embeddable":true,"href":"https:\/\/przedszkole51.edu.wroclaw.pl\/index.php\/wp-json\/wp\/v2\/tags?post=368"}],"curies":[{"name":"wp","href":"https:\/\/api.w.org\/{rel}","templated":true}]}}