
{"id":3791,"date":"2024-10-05T13:39:56","date_gmt":"2024-10-05T11:39:56","guid":{"rendered":"https:\/\/przedszkole51.edu.wroclaw.pl\/?p=3791"},"modified":"2024-10-05T14:03:00","modified_gmt":"2024-10-05T12:03:00","slug":"mali-wspaniali","status":"publish","type":"post","link":"https:\/\/przedszkole51.edu.wroclaw.pl\/index.php\/2024\/10\/05\/mali-wspaniali\/","title":{"rendered":"Mali Wspaniali"},"content":{"rendered":"<p><img loading=\"lazy\" decoding=\"async\" class=\"alignnone size-medium wp-image-3792 aligncenter\" src=\"https:\/\/przedszkole51.edu.wroclaw.pl\/wp-content\/uploads\/sites\/69\/2024\/10\/Mali-Wspaniali-Logotyp-300x127.png\" alt=\"\" width=\"300\" height=\"127\" srcset=\"https:\/\/przedszkole51.edu.wroclaw.pl\/wp-content\/uploads\/sites\/69\/2024\/10\/Mali-Wspaniali-Logotyp-300x127.png 300w, https:\/\/przedszkole51.edu.wroclaw.pl\/wp-content\/uploads\/sites\/69\/2024\/10\/Mali-Wspaniali-Logotyp-1024x433.png 1024w, https:\/\/przedszkole51.edu.wroclaw.pl\/wp-content\/uploads\/sites\/69\/2024\/10\/Mali-Wspaniali-Logotyp-768x325.png 768w, https:\/\/przedszkole51.edu.wroclaw.pl\/wp-content\/uploads\/sites\/69\/2024\/10\/Mali-Wspaniali-Logotyp-1536x649.png 1536w, https:\/\/przedszkole51.edu.wroclaw.pl\/wp-content\/uploads\/sites\/69\/2024\/10\/Mali-Wspaniali-Logotyp.png 1810w\" sizes=\"auto, (max-width: 300px) 100vw, 300px\" \/><\/p>\n<p>&nbsp;<\/p>\n<p><b>\u201cMali Wspaniali\u201d to program og\u00f3lnorozwojowy dla dzieci przedszkolnych<\/b>, kt\u00f3ry zosta\u0142 stworzony i wprowadzony do plac\u00f3wek w 2008 r. przez grup\u0119 pasjonat\u00f3w oraz zawodnik\u00f3w karate i tak jak wi\u0119kszo\u015b\u0107 pocz\u0105tk\u00f3w, nasze te\u017c nie by\u0142y \u0142atwe. Wiele razy musieli\u015bmy zweryfikowa\u0107 nasze plany, potkn\u0105\u0107 si\u0119, aby m\u00f3c nauczy\u0107 si\u0119 wi\u0119cej i nabra\u0107 pokory. W 2008 rozpoczynali\u015bmy nasz program w pi\u0119ciu przedszkolach, maj\u0105c pod opiek\u0105 125 dzieci, nie \u015bmieli\u015bmy w\u00f3wczas nawet marzy\u0107 o 1000 uczestnikach programu. Czas p\u0142yn\u0105\u0142, a program nabiera\u0142 si\u0142y nap\u0119dzany entuzjazmem lud\u017ami, kt\u00f3rzy dobrowolnie dzielili si\u0119 swoimi umiej\u0119tno\u015bciami i pasj\u0105, aby stworzy\u0107 warto\u015b\u0107, kt\u00f3r\u0105 Mali Wspaniali wprowadzi\u0142 do \u017cycia dzieci. Do zespo\u0142u do\u0142\u0105czyli te\u017c profesorowie i doktorzy Akademii Wychowania Fizycznego we Wroc\u0142awiu oraz w Rzeszowie, kt\u00f3rzy naukowo potwierdzili warto\u015b\u0107 projektu. Dzi\u0119ki ich udzia\u0142owi rozpocz\u0119li\u015bmy badania efektywno\u015bci projektu, odkrywaj\u0105c, \u017ce nasz program dzia\u0142a i skutkuje tym, \u017ce dzieci nie tylko rozwijaj\u0105 si\u0119 fizycznie, ale tak\u017ce behawioralnie, kszta\u0142tuj\u0105c umiej\u0119tno\u015bci i motywacj\u0119 niezb\u0119dn\u0105 do \u017cycia.<\/p>\n<p>&nbsp;<\/p>\n<p><strong>\u201cMali Wspaniali\u201d<\/strong> zosta\u0142 stworzony przez po\u0142\u0105czenie metodologii gier oraz uniwersalnych warto\u015bci wychowawczych zwi\u0105zanych ze sztukami walki, aby zapewni\u0107 dziecku od trzeciego roku mo\u017cliwo\u015b\u0107 uczestniczenia w sporcie i aktywno\u015bci fizycznej. Chcemy, aby dzieci poczu\u0142y si\u0119 bardziej zmotywowane, pewne siebie i zdolne do aktywno\u015bci \u2013 co zwi\u0119kszy prawdopodobie\u0144stwo aktywno\u015bci w p\u00f3\u017aniejszym okresie \u017cycia.<\/p>\n<p>&nbsp;<\/p>\n<div class=\"elementor-element elementor-element-e9910d7 elementor-widget elementor-widget-heading\" data-id=\"e9910d7\" data-element_type=\"widget\" data-widget_type=\"heading.default\">\n<div class=\"elementor-widget-container\">\n<h1 class=\"elementor-heading-title elementor-size-default\">Za\u0142o\u017cenia Programu<\/h1>\n<\/div>\n<\/div>\n<div class=\"elementor-element elementor-element-118cb25 elementor-widget elementor-widget-text-editor\" data-id=\"118cb25\" data-element_type=\"widget\" data-widget_type=\"text-editor.default\">\n<div class=\"elementor-widget-container\">\n<p>Wszystkie dzieci potrzebuj\u0105 struktury, niekt\u00f3re bardziej ni\u017c inne. Niekt\u00f3re powinni by\u0107 cz\u0119\u015bciej nakierowywane na dzia\u0142anie lub stymulowane w indywidualny spos\u00f3b. Dlaczego u najm\u0142odszych dzieci sztuka walki jest lepsza, ani\u017celi inna aktywno\u015b\u0107 fizyczna? Zacznijmy od s\u0142\u00f3w \u201csztuka\u201d i \u201csport\u201d. S\u0105 one zupe\u0142nie inne. Sztuka to \u201cka\u017cda dzia\u0142alno\u015b\u0107 uwa\u017cana za ekspresj\u0119 w\u0142asnej wyobra\u017ani lub tw\u00f3rczego wyra\u017cania siebie\u201d.\u00a0<b>Sport to \u201cczynno\u015b\u0107 zwi\u0105zana z wysi\u0142kiem fizycznym i umiej\u0119tno\u015bciami, w kt\u00f3rych pojedynczo lub dru\u017cynowo konkuruje z innymi\u201d. G\u0142\u00f3wne benefity programu og\u00f3lnorozwojowego opartego o sztuki walki to:<\/b><\/p>\n<div class=\"elementor-column elementor-col-25 elementor-top-column elementor-element elementor-element-a12e527\" data-id=\"a12e527\" data-element_type=\"column\">\n<div class=\"elementor-widget-wrap elementor-element-populated\">\n<div class=\"elementor-element elementor-element-553b128 elementor-view-framed elementor-shape-circle elementor-position-top elementor-mobile-position-top elementor-widget elementor-widget-icon-box\" data-id=\"553b128\" data-element_type=\"widget\" data-widget_type=\"icon-box.default\">\n<div class=\"elementor-widget-container\">\n<div class=\"elementor-icon-box-wrapper\">\n<div class=\"elementor-icon-box-content\">\n<ul>\n<li class=\"elementor-icon-box-description\">ZDROWIE FIZYCZNE I MOTORYKA<\/li>\n<\/ul>\n<\/div>\n<\/div>\n<\/div>\n<\/div>\n<\/div>\n<\/div>\n<div class=\"elementor-column elementor-col-25 elementor-top-column elementor-element elementor-element-6d141f3\" data-id=\"6d141f3\" data-element_type=\"column\">\n<div class=\"elementor-widget-wrap elementor-element-populated\">\n<div class=\"elementor-element elementor-element-66f9e2b elementor-view-framed elementor-shape-circle elementor-position-top elementor-mobile-position-top elementor-widget elementor-widget-icon-box\" data-id=\"66f9e2b\" data-element_type=\"widget\" data-widget_type=\"icon-box.default\">\n<div class=\"elementor-widget-container\">\n<div class=\"elementor-icon-box-wrapper\">\n<div class=\"elementor-icon-box-content\">\n<ul>\n<li class=\"elementor-icon-box-description\">ROZW\u00d3J SPO\u0141ECZNO &#8211; EMOCJONALNY<\/li>\n<\/ul>\n<\/div>\n<\/div>\n<\/div>\n<\/div>\n<\/div>\n<\/div>\n<div class=\"elementor-column elementor-col-25 elementor-top-column elementor-element elementor-element-67e20ad\" data-id=\"67e20ad\" data-element_type=\"column\">\n<div class=\"elementor-widget-wrap elementor-element-populated\">\n<div class=\"elementor-element elementor-element-392d947 elementor-view-framed elementor-shape-circle elementor-position-top elementor-mobile-position-top elementor-widget elementor-widget-icon-box\" data-id=\"392d947\" data-element_type=\"widget\" data-widget_type=\"icon-box.default\">\n<div class=\"elementor-widget-container\">\n<div class=\"elementor-icon-box-wrapper\">\n<div class=\"elementor-icon-box-content\">\n<ul>\n<li class=\"elementor-icon-box-description\">ROZW\u00d3J UMIEJ\u0118TNO\u015aCI NABYWANIA WIEDZY<\/li>\n<\/ul>\n<\/div>\n<\/div>\n<\/div>\n<\/div>\n<\/div>\n<\/div>\n<div class=\"elementor-icon-box-content\">\n<ul>\n<li class=\"elementor-icon-box-description\">ROZW\u00d3J LINGWISTYCZNY ORAZ UMIEJ\u0118TNO\u015aCI KOMUNIKACJI<\/li>\n<\/ul>\n<p style=\"text-align: right\">Odpowiedzialna: Fundacja Mali Wspaniali<\/p>\n<\/div>\n<\/div>\n<\/div>\n","protected":false},"excerpt":{"rendered":"<p>&nbsp; \u201cMali Wspaniali\u201d to program og\u00f3lnorozwojowy dla dzieci przedszkolnych, kt\u00f3ry zosta\u0142 stworzony i wprowadzony do plac\u00f3wek w 2008 r. przez grup\u0119 pasjonat\u00f3w oraz zawodnik\u00f3w karate i tak jak wi\u0119kszo\u015b\u0107 pocz\u0105tk\u00f3w, [&hellip;]<\/p>\n","protected":false},"author":266,"featured_media":0,"comment_status":"open","ping_status":"open","sticky":false,"template":"","format":"standard","meta":{"ngg_post_thumbnail":0,"footnotes":""},"categories":[4],"tags":[],"class_list":["post-3791","post","type-post","status-publish","format-standard","hentry","category-programy-i-projekty","clearfix"],"_links":{"self":[{"href":"https:\/\/przedszkole51.edu.wroclaw.pl\/index.php\/wp-json\/wp\/v2\/posts\/3791","targetHints":{"allow":["GET"]}}],"collection":[{"href":"https:\/\/przedszkole51.edu.wroclaw.pl\/index.php\/wp-json\/wp\/v2\/posts"}],"about":[{"href":"https:\/\/przedszkole51.edu.wroclaw.pl\/index.php\/wp-json\/wp\/v2\/types\/post"}],"author":[{"embeddable":true,"href":"https:\/\/przedszkole51.edu.wroclaw.pl\/index.php\/wp-json\/wp\/v2\/users\/266"}],"replies":[{"embeddable":true,"href":"https:\/\/przedszkole51.edu.wroclaw.pl\/index.php\/wp-json\/wp\/v2\/comments?post=3791"}],"version-history":[{"count":2,"href":"https:\/\/przedszkole51.edu.wroclaw.pl\/index.php\/wp-json\/wp\/v2\/posts\/3791\/revisions"}],"predecessor-version":[{"id":3803,"href":"https:\/\/przedszkole51.edu.wroclaw.pl\/index.php\/wp-json\/wp\/v2\/posts\/3791\/revisions\/3803"}],"wp:attachment":[{"href":"https:\/\/przedszkole51.edu.wroclaw.pl\/index.php\/wp-json\/wp\/v2\/media?parent=3791"}],"wp:term":[{"taxonomy":"category","embeddable":true,"href":"https:\/\/przedszkole51.edu.wroclaw.pl\/index.php\/wp-json\/wp\/v2\/categories?post=3791"},{"taxonomy":"post_tag","embeddable":true,"href":"https:\/\/przedszkole51.edu.wroclaw.pl\/index.php\/wp-json\/wp\/v2\/tags?post=3791"}],"curies":[{"name":"wp","href":"https:\/\/api.w.org\/{rel}","templated":true}]}}