
{"id":3795,"date":"2024-10-05T13:49:23","date_gmt":"2024-10-05T11:49:23","guid":{"rendered":"https:\/\/przedszkole51.edu.wroclaw.pl\/?p=3795"},"modified":"2024-10-05T16:16:32","modified_gmt":"2024-10-05T14:16:32","slug":"projekt-maly-mis-w-swiecie-wielkiej-literatury","status":"publish","type":"post","link":"https:\/\/przedszkole51.edu.wroclaw.pl\/index.php\/2024\/10\/05\/projekt-maly-mis-w-swiecie-wielkiej-literatury\/","title":{"rendered":"Projekt &#8211; Ma\u0142y Mi\u015b w \u015bwiecie wielkiej literatury"},"content":{"rendered":"<p><img loading=\"lazy\" decoding=\"async\" class=\"alignnone size-medium wp-image-3796 aligncenter\" src=\"https:\/\/przedszkole51.edu.wroclaw.pl\/wp-content\/uploads\/sites\/69\/2024\/10\/Maly-mis-300x167.png\" alt=\"\" width=\"300\" height=\"167\" srcset=\"https:\/\/przedszkole51.edu.wroclaw.pl\/wp-content\/uploads\/sites\/69\/2024\/10\/Maly-mis-300x167.png 300w, https:\/\/przedszkole51.edu.wroclaw.pl\/wp-content\/uploads\/sites\/69\/2024\/10\/Maly-mis-768x427.png 768w, https:\/\/przedszkole51.edu.wroclaw.pl\/wp-content\/uploads\/sites\/69\/2024\/10\/Maly-mis.png 810w\" sizes=\"auto, (max-width: 300px) 100vw, 300px\" \/><\/p>\n<p style=\"text-align: center\"><strong>Projekt Edukacyjny \u201eMa\u0142y Mi\u015b w \u015bwiecie wielkiej literatury\u201d<\/strong><\/p>\n<p>&nbsp;<\/p>\n<p><strong>CEL PROJEKTU:<\/strong><\/p>\n<p>Celem g\u0142\u00f3wnym projektu jest rozwijanie czytelnictwa we wsp\u00f3\u0142pracy ze \u017c\u0142obkami, przedszkolami, szko\u0142ami podstawowymi, szko\u0142ami specjalnymi, szkolnymi \u015bwietlicami, bibliotekami szkolnymi i publicznymi.<\/p>\n<p><strong>Cele szczeg\u00f3\u0142owe:<\/strong><\/p>\n<ol>\n<li>zach\u0119canie doros\u0142ych do g\u0142o\u015bnego czytania dzieciom &#8211; u\u015bwiadomienie roli czytania w \u017cyciu dziecka, wyrabianie w\u0142a\u015bciwych nawyk\u00f3w czytelniczych,<\/li>\n<li>tworzenie warunk\u00f3w do r\u00f3\u017cnorodnej aktywno\u015bci dzieci w toku realizacji zada\u0144 stawianych przez nauczyciela,<\/li>\n<li>wprowadzenie dziecka w \u015bwiat literatury,<\/li>\n<li>budzenie zaciekawienia ksi\u0105\u017ck\u0105 przez zabawy, piosenki, tw\u00f3rczo\u015b\u0107 plastyczn\u0105,<\/li>\n<li>przekazywanie za po\u015brednictwem literatury warto\u015bci moralnych,<\/li>\n<li>kszta\u0142cenie u dzieci umiej\u0119tno\u015bci s\u0142uchania tekstu czytanego,<\/li>\n<li>rozwijanie samodzielno\u015bci, kreatywno\u015bci i innowacyjno\u015bci dzieci,<\/li>\n<li>rozwijanie kompetencji cyfrowych dzieci i nauczycieli,<\/li>\n<li>w\u0142\u0105czenie w \u017cycie przedszkola rodzic\u00f3w oraz przedstawicieli \u015brodowiska lokalnego,<\/li>\n<li>promocja przedszkola,<\/li>\n<li>rozwijanie wsp\u00f3\u0142pracy mi\u0119dzy nauczycielami.<\/li>\n<\/ol>\n<p style=\"text-align: right\">Nauczyciel odpowiedzialny: Iwona Mazur<\/p>\n<p>&nbsp;<\/p>\n","protected":false},"excerpt":{"rendered":"<p>Projekt Edukacyjny \u201eMa\u0142y Mi\u015b w \u015bwiecie wielkiej literatury\u201d &nbsp; CEL PROJEKTU: Celem g\u0142\u00f3wnym projektu jest rozwijanie czytelnictwa we wsp\u00f3\u0142pracy ze \u017c\u0142obkami, przedszkolami, szko\u0142ami podstawowymi, szko\u0142ami specjalnymi, szkolnymi \u015bwietlicami, bibliotekami szkolnymi [&hellip;]<\/p>\n","protected":false},"author":266,"featured_media":0,"comment_status":"open","ping_status":"open","sticky":false,"template":"","format":"standard","meta":{"ngg_post_thumbnail":0,"footnotes":""},"categories":[4],"tags":[],"class_list":["post-3795","post","type-post","status-publish","format-standard","hentry","category-programy-i-projekty","clearfix"],"_links":{"self":[{"href":"https:\/\/przedszkole51.edu.wroclaw.pl\/index.php\/wp-json\/wp\/v2\/posts\/3795","targetHints":{"allow":["GET"]}}],"collection":[{"href":"https:\/\/przedszkole51.edu.wroclaw.pl\/index.php\/wp-json\/wp\/v2\/posts"}],"about":[{"href":"https:\/\/przedszkole51.edu.wroclaw.pl\/index.php\/wp-json\/wp\/v2\/types\/post"}],"author":[{"embeddable":true,"href":"https:\/\/przedszkole51.edu.wroclaw.pl\/index.php\/wp-json\/wp\/v2\/users\/266"}],"replies":[{"embeddable":true,"href":"https:\/\/przedszkole51.edu.wroclaw.pl\/index.php\/wp-json\/wp\/v2\/comments?post=3795"}],"version-history":[{"count":2,"href":"https:\/\/przedszkole51.edu.wroclaw.pl\/index.php\/wp-json\/wp\/v2\/posts\/3795\/revisions"}],"predecessor-version":[{"id":3798,"href":"https:\/\/przedszkole51.edu.wroclaw.pl\/index.php\/wp-json\/wp\/v2\/posts\/3795\/revisions\/3798"}],"wp:attachment":[{"href":"https:\/\/przedszkole51.edu.wroclaw.pl\/index.php\/wp-json\/wp\/v2\/media?parent=3795"}],"wp:term":[{"taxonomy":"category","embeddable":true,"href":"https:\/\/przedszkole51.edu.wroclaw.pl\/index.php\/wp-json\/wp\/v2\/categories?post=3795"},{"taxonomy":"post_tag","embeddable":true,"href":"https:\/\/przedszkole51.edu.wroclaw.pl\/index.php\/wp-json\/wp\/v2\/tags?post=3795"}],"curies":[{"name":"wp","href":"https:\/\/api.w.org\/{rel}","templated":true}]}}