
{"id":3818,"date":"2024-10-05T15:55:53","date_gmt":"2024-10-05T13:55:53","guid":{"rendered":"https:\/\/przedszkole51.edu.wroclaw.pl\/?p=3818"},"modified":"2024-10-05T16:16:06","modified_gmt":"2024-10-05T14:16:06","slug":"mowimy-poprawnie","status":"publish","type":"post","link":"https:\/\/przedszkole51.edu.wroclaw.pl\/index.php\/2024\/10\/05\/mowimy-poprawnie\/","title":{"rendered":"M\u00d3WIMY  POPRAWNIE"},"content":{"rendered":"<h3><img loading=\"lazy\" decoding=\"async\" class=\"alignnone size-medium wp-image-545 aligncenter\" src=\"https:\/\/przedszkole51.edu.wroclaw.pl\/wp-content\/uploads\/sites\/69\/2021\/12\/Grupa-300x170.jpg\" alt=\"Grafika - grupa\" width=\"300\" height=\"170\" srcset=\"https:\/\/przedszkole51.edu.wroclaw.pl\/wp-content\/uploads\/sites\/69\/2021\/12\/Grupa-300x170.jpg 300w, https:\/\/przedszkole51.edu.wroclaw.pl\/wp-content\/uploads\/sites\/69\/2021\/12\/Grupa.jpg 564w\" sizes=\"auto, (max-width: 300px) 100vw, 300px\" \/><\/h3>\n<h3 style=\"text-align: center\"><span style=\"color: #008080\">M\u00d3WIMY POPRAWNIE &#8211; program logopedyczny<\/span><\/h3>\n<p>&nbsp;<\/p>\n<p>Program zosta\u0142 opracowany w oparciu o \u201ePodstaw\u0119 programow\u0105 wychowania przedszkolnego\u201d Rozporz\u0105dzenie Ministra Edukacji Narodowej i Sportu z dnia 26.02.2022 roku. B\u0119dzie on realizowany we wszystkich grupach wiekowych dzieci naszego przedszkola, obejmuje dzieci od 3 do 6 lat.<\/p>\n<p><strong>\u00a0ZA\u0141O\u017bENIA PROGRAMU:<\/strong><span data-ccp-props=\"{&quot;201341983&quot;:0,&quot;335551550&quot;:6,&quot;335551620&quot;:6,&quot;335559739&quot;:0,&quot;335559740&quot;:360}\">\u00a0<\/span><\/p>\n<ul>\n<li><span data-contrast=\"auto\"> W programie bior\u0105 udzia\u0142 dzieci obj\u0119te terapi\u0105 logopedyczn\u0105 w plac\u00f3wce, ch\u0119tni rodzice, ch\u0119tni nauczyciele i specjali\u015bci wsp\u00f3\u0142pracuj\u0105cy z logoped\u0105;<\/span><\/li>\n<li><span data-contrast=\"auto\"> Program uwzgl\u0119dnia planowe dzia\u0142ania logopedy, terapi\u0119 logopedyczn\u0105 prowadzon\u0105 z dzie\u0107mi oraz indywidualne konsultacje z rodzicami, nauczycielami i innymi specjalistami dotycz\u0105ce wad wymowy u dzieci oraz doros\u0142ych z ich najbli\u017cszego otoczenia;\u00a0<\/span><span data-ccp-props=\"{&quot;201341983&quot;:0,&quot;335551550&quot;:6,&quot;335551620&quot;:6,&quot;335559739&quot;:0,&quot;335559740&quot;:360}\">\u00a0<\/span><\/li>\n<li><span data-contrast=\"auto\"> Zaplanowane dzia\u0142ania odbywaj\u0105 si\u0119 systematycznie wed\u0142ug harmonogramu.<\/span><\/li>\n<\/ul>\n<p><strong>CELE OG\u00d3LNE PROGRAMU:<\/strong><span data-ccp-props=\"{&quot;201341983&quot;:0,&quot;335551550&quot;:6,&quot;335551620&quot;:6,&quot;335559739&quot;:0,&quot;335559740&quot;:360}\">\u00a0<\/span><\/p>\n<ul>\n<li><span data-contrast=\"auto\"> Zapewnienie profesjonalnej i skutecznej terapii logopedycznej dzieciom zakwalifikowanym na zaj\u0119cia;<\/span><\/li>\n<li><span data-contrast=\"auto\"> Prowadzenie dzia\u0142a\u0144 profilaktycznych wobec dzieci z najm\u0142odszych grup przedszkolnych;<\/span><\/li>\n<li><span data-contrast=\"auto\"> Podniesienie \u015bwiadomo\u015bci rodzic\u00f3w w zakresie profilaktyki logopedycznej, rozwoju mowy dziecka i najcz\u0119\u015bciej wyst\u0119puj\u0105cych zaburze\u0144 mowy, aktywizowanie rodzic\u00f3w i zach\u0119canie do wsp\u00f3\u0142pracy z logoped\u0105, korygowanie ich w\u0142asnych wad wymowy;<\/span><span data-ccp-props=\"{&quot;201341983&quot;:0,&quot;335551550&quot;:6,&quot;335551620&quot;:6,&quot;335559739&quot;:0,&quot;335559740&quot;:360}\">\u00a0<\/span><\/li>\n<li><span data-contrast=\"auto\"> Zaanga\u017cowanie w \u015bcis\u0142\u0105 i szerok\u0105 wsp\u00f3\u0142prac\u0119 z nauczycielami i innymi specjalistami poprzez r\u00f3\u017cnorodne dzia\u0142ania.<\/span><\/li>\n<\/ul>\n<p><span data-contrast=\"auto\">\u00a0<\/span><\/p>\n<p><strong>PRZEWIDYWANE EFEKTY WDRO\u017bENIA PROGRAMU:<\/strong><span data-ccp-props=\"{&quot;201341983&quot;:0,&quot;335551550&quot;:6,&quot;335551620&quot;:6,&quot;335559739&quot;:0,&quot;335559740&quot;:360,&quot;469777462&quot;:[90],&quot;469777927&quot;:[0],&quot;469777928&quot;:[1]}\">\u00a0<\/span><\/p>\n<ul>\n<li>Osi\u0105gni\u0119cie prawid\u0142owego rozwoju mowy dzieci, odpowiedniego do ich wieku;<\/li>\n<li><span data-contrast=\"auto\"> Zmniejszenie liczby dzieci, u kt\u00f3rych wyst\u0105pi\u0142y wady wymowy;<\/span><\/li>\n<li><span data-contrast=\"auto\"> Poszerzenie oferty atrakcyjnych zaj\u0119\u0107;\u00a0<\/span><\/li>\n<li><span data-contrast=\"auto\"> Zwi\u0119kszenie \u015bwiadomo\u015bci logopedycznej rodzic\u00f3w i nauczycieli;<\/span><\/li>\n<li><span data-contrast=\"auto\"> Zaanga\u017cowanie rodzic\u00f3w i nauczycieli w dbanie o prawid\u0142ow\u0105 wymow\u0119 w\u0142asn\u0105 i dzieci.<\/span><\/li>\n<\/ul>\n<p><span data-ccp-props=\"{&quot;134233117&quot;:true,&quot;134233118&quot;:true,&quot;201341983&quot;:0,&quot;335551550&quot;:6,&quot;335551620&quot;:6,&quot;335559685&quot;:0,&quot;335559739&quot;:0,&quot;335559740&quot;:360}\">\u00a0<\/span><\/p>\n<p><span data-contrast=\"auto\"><strong>FORMY PRACY LOGOPEDYCZNEJ:<\/strong><\/span><span data-ccp-props=\"{&quot;201341983&quot;:0,&quot;335551550&quot;:6,&quot;335551620&quot;:6,&quot;335559739&quot;:0,&quot;335559740&quot;:360,&quot;469777462&quot;:[90],&quot;469777927&quot;:[0],&quot;469777928&quot;:[1]}\">\u00a0<\/span><\/p>\n<ul>\n<li><span data-contrast=\"auto\"> Zaj\u0119cia indywidualne;<\/span><\/li>\n<li><span data-contrast=\"auto\"> Zaj\u0119cia w grupach 2, 3 osobowych;<\/span><\/li>\n<li><span data-contrast=\"auto\"> Konsultacje w grupach dla nauczycieli;<\/span><\/li>\n<li><span data-contrast=\"auto\"> Konsultacje indywidualne i szkolenia dla nauczycieli;\u00a0<\/span><\/li>\n<li><span data-contrast=\"auto\"> Konsultacje indywidualne dla rodzic\u00f3w;<\/span><\/li>\n<li><span data-contrast=\"auto\"> Udzia\u0142 w konkursach logopedycznych organizowanych przez nasze Przedszkole nr 51 we Wroc\u0142awiu i inne plac\u00f3wki;<\/span><\/li>\n<li><span data-contrast=\"auto\"> Prowadzenie gazetki logopedycznej;\u00a0<\/span><\/li>\n<li><span data-contrast=\"auto\"> Prowadzenie strony internetowej.<\/span><br \/>\n<span data-contrast=\"auto\">\u00a0<\/span><\/li>\n<\/ul>\n<p><span data-contrast=\"auto\"><strong>METODY PRACY LOGOPEDY:<\/strong><\/span><span data-ccp-props=\"{&quot;201341983&quot;:0,&quot;335551550&quot;:6,&quot;335551620&quot;:6,&quot;335559739&quot;:0,&quot;335559740&quot;:360,&quot;469777462&quot;:[90],&quot;469777927&quot;:[0],&quot;469777928&quot;:[1]}\">\u00a0<\/span><\/p>\n<ul>\n<li><span data-contrast=\"auto\"> \u0106wiczenia oddechowe;<\/span><\/li>\n<li><span data-contrast=\"auto\"> \u0106wiczenia artykulacyjne;<\/span><\/li>\n<li><span data-contrast=\"auto\"> \u0106wiczenia s\u0142uchu fonematycznego;<\/span><\/li>\n<li><span data-contrast=\"auto\"> \u0106wiczenia fonacyjne;<\/span><\/li>\n<li><span data-contrast=\"auto\"> \u0106wiczenia wymowy struktur j\u0119zykowych: g\u0142osek, sylab, wyraz\u00f3w, zda\u0144,\u00a0<\/span><\/li>\n<li><span data-contrast=\"auto\"> \u0106wiczenia usprawniaj\u0105ce analiz\u0119 s\u0142uchow\u0105;<\/span><\/li>\n<li><span data-contrast=\"auto\"> \u0106wiczenia usprawniaj\u0105ce analiz\u0119 wzrokow\u0105;\u00a0<\/span><\/li>\n<li><span data-contrast=\"auto\"> \u0106wiczenia usprawniaj\u0105ce orientacj\u0119 przestrzenn\u0105;\u00a0<\/span><\/li>\n<li><span data-contrast=\"auto\"> \u0106wiczenia usprawniaj\u0105ce motoryk\u0119 ma\u0142\u0105;<\/span><\/li>\n<li><span data-contrast=\"auto\"> \u0106wiczenia czytania;<\/span><\/li>\n<li><span data-contrast=\"auto\"> \u0106wiczenia pami\u0119ci;<\/span><\/li>\n<li><span data-contrast=\"auto\"> \u0106wiczenia my\u015blenia przyczynowo \u2013 skutkowego;<\/span><span data-ccp-props=\"{&quot;201341983&quot;:0,&quot;335551550&quot;:6,&quot;335551620&quot;:6,&quot;335559739&quot;:0,&quot;335559740&quot;:360,&quot;469777462&quot;:[90],&quot;469777927&quot;:[0],&quot;469777928&quot;:[1]}\">\u00a0<\/span><\/li>\n<li><span data-contrast=\"auto\"> \u0106wiczenia logorytmiczne;<\/span><\/li>\n<li><span data-contrast=\"auto\"> \u0106wiczenia relaksacyjne.<\/span><\/li>\n<\/ul>\n<p><span data-ccp-props=\"{&quot;201341983&quot;:0,&quot;335557856&quot;:16777215,&quot;335559739&quot;:0,&quot;335559740&quot;:360,&quot;469777462&quot;:[90],&quot;469777927&quot;:[0],&quot;469777928&quot;:[1]}\">\u00a0<\/span><\/p>\n<p><span data-contrast=\"auto\"><strong>EWALUACJA:<\/strong><\/span><span data-ccp-props=\"{&quot;201341983&quot;:0,&quot;335551550&quot;:6,&quot;335551620&quot;:6,&quot;335559739&quot;:0,&quot;335559740&quot;:360,&quot;469777462&quot;:[90],&quot;469777927&quot;:[0],&quot;469777928&quot;:[1]}\">\u00a0<\/span><\/p>\n<ul>\n<li><span data-contrast=\"auto\"> Systematyczne prowadzenie dziennika, w kt\u00f3rym zapisywane b\u0119d\u0105 wszystkie zrealizowane dzia\u0142ania zwi\u0105zane z programem;<\/span><\/li>\n<li><span data-contrast=\"auto\"> Coroczne opracowanie sprawozdania z realizacji programu pt. \u201eM\u00f3wimy poprawnie\u201d;<\/span><\/li>\n<li><span data-contrast=\"auto\"> Badanie ankietowe skierowane do rodzic\u00f3w i nauczycieli wsp\u00f3\u0142pracuj\u0105cych z logoped\u0105.<\/span><\/li>\n<\/ul>\n<p style=\"text-align: right\">Odpowiedzialna: Ma\u0142gorzata Modelska<\/p>\n","protected":false},"excerpt":{"rendered":"<p>M\u00d3WIMY POPRAWNIE &#8211; program logopedyczny &nbsp; Program zosta\u0142 opracowany w oparciu o \u201ePodstaw\u0119 programow\u0105 wychowania przedszkolnego\u201d Rozporz\u0105dzenie Ministra Edukacji Narodowej i Sportu z dnia 26.02.2022 roku. B\u0119dzie on realizowany we [&hellip;]<\/p>\n","protected":false},"author":266,"featured_media":0,"comment_status":"open","ping_status":"open","sticky":false,"template":"","format":"standard","meta":{"ngg_post_thumbnail":0,"footnotes":""},"categories":[4],"tags":[],"class_list":["post-3818","post","type-post","status-publish","format-standard","hentry","category-programy-i-projekty","clearfix"],"_links":{"self":[{"href":"https:\/\/przedszkole51.edu.wroclaw.pl\/index.php\/wp-json\/wp\/v2\/posts\/3818","targetHints":{"allow":["GET"]}}],"collection":[{"href":"https:\/\/przedszkole51.edu.wroclaw.pl\/index.php\/wp-json\/wp\/v2\/posts"}],"about":[{"href":"https:\/\/przedszkole51.edu.wroclaw.pl\/index.php\/wp-json\/wp\/v2\/types\/post"}],"author":[{"embeddable":true,"href":"https:\/\/przedszkole51.edu.wroclaw.pl\/index.php\/wp-json\/wp\/v2\/users\/266"}],"replies":[{"embeddable":true,"href":"https:\/\/przedszkole51.edu.wroclaw.pl\/index.php\/wp-json\/wp\/v2\/comments?post=3818"}],"version-history":[{"count":1,"href":"https:\/\/przedszkole51.edu.wroclaw.pl\/index.php\/wp-json\/wp\/v2\/posts\/3818\/revisions"}],"predecessor-version":[{"id":3819,"href":"https:\/\/przedszkole51.edu.wroclaw.pl\/index.php\/wp-json\/wp\/v2\/posts\/3818\/revisions\/3819"}],"wp:attachment":[{"href":"https:\/\/przedszkole51.edu.wroclaw.pl\/index.php\/wp-json\/wp\/v2\/media?parent=3818"}],"wp:term":[{"taxonomy":"category","embeddable":true,"href":"https:\/\/przedszkole51.edu.wroclaw.pl\/index.php\/wp-json\/wp\/v2\/categories?post=3818"},{"taxonomy":"post_tag","embeddable":true,"href":"https:\/\/przedszkole51.edu.wroclaw.pl\/index.php\/wp-json\/wp\/v2\/tags?post=3818"}],"curies":[{"name":"wp","href":"https:\/\/api.w.org\/{rel}","templated":true}]}}