
{"id":3899,"date":"2024-10-24T13:36:47","date_gmt":"2024-10-24T11:36:47","guid":{"rendered":"https:\/\/przedszkole51.edu.wroclaw.pl\/?p=3899"},"modified":"2024-12-05T09:52:58","modified_gmt":"2024-12-05T08:52:58","slug":"wianki-jesienne","status":"publish","type":"post","link":"https:\/\/przedszkole51.edu.wroclaw.pl\/index.php\/2024\/10\/24\/wianki-jesienne\/","title":{"rendered":"Wianki jesienne"},"content":{"rendered":"<p><span class=\"x193iq5w xeuugli x13faqbe x1vvkbs x1xmvt09 x1lliihq x1s928wv xhkezso x1gmr53x x1cpjm7i x1fgarty x1943h6x xudqn12 x3x7a5m x6prxxf xvq8zen xo1l8bm xzsf02u x1yc453h\" dir=\"auto\">Go\u015bcili\u015bmy w naszym przedszkolu\u00a0 Pani\u0105 Barbar\u0119 Chojcan &#8222;Co\u015b Pi\u0119knego&#8221;, kt\u00f3ra poprowadzi\u0142a dla naszego zespo\u0142u kreatywne warsztaty. Kadra przedszkola zrobi\u0142a swoje pierwsze wianki, ka\u017cdy z nich by\u0142 pi\u0119kny i wyj\u0105tkowy, a rado\u015b\u0107 podczas ich tworzenia wype\u0142ni\u0142a ca\u0142\u0105 sal\u0119.<br \/>\n<\/span><\/p>\n","protected":false},"excerpt":{"rendered":"<p>Chwalimy si\u0119 \ud83d\ude42<\/p>\n","protected":false},"author":267,"featured_media":3898,"comment_status":"open","ping_status":"open","sticky":false,"template":"","format":"standard","meta":{"ngg_post_thumbnail":0,"footnotes":""},"categories":[1],"tags":[],"class_list":["post-3899","post","type-post","status-publish","format-standard","has-post-thumbnail","hentry","category-aktualnosci","clearfix"],"_links":{"self":[{"href":"https:\/\/przedszkole51.edu.wroclaw.pl\/index.php\/wp-json\/wp\/v2\/posts\/3899","targetHints":{"allow":["GET"]}}],"collection":[{"href":"https:\/\/przedszkole51.edu.wroclaw.pl\/index.php\/wp-json\/wp\/v2\/posts"}],"about":[{"href":"https:\/\/przedszkole51.edu.wroclaw.pl\/index.php\/wp-json\/wp\/v2\/types\/post"}],"author":[{"embeddable":true,"href":"https:\/\/przedszkole51.edu.wroclaw.pl\/index.php\/wp-json\/wp\/v2\/users\/267"}],"replies":[{"embeddable":true,"href":"https:\/\/przedszkole51.edu.wroclaw.pl\/index.php\/wp-json\/wp\/v2\/comments?post=3899"}],"version-history":[{"count":13,"href":"https:\/\/przedszkole51.edu.wroclaw.pl\/index.php\/wp-json\/wp\/v2\/posts\/3899\/revisions"}],"predecessor-version":[{"id":4092,"href":"https:\/\/przedszkole51.edu.wroclaw.pl\/index.php\/wp-json\/wp\/v2\/posts\/3899\/revisions\/4092"}],"wp:featuredmedia":[{"embeddable":true,"href":"https:\/\/przedszkole51.edu.wroclaw.pl\/index.php\/wp-json\/wp\/v2\/media\/3898"}],"wp:attachment":[{"href":"https:\/\/przedszkole51.edu.wroclaw.pl\/index.php\/wp-json\/wp\/v2\/media?parent=3899"}],"wp:term":[{"taxonomy":"category","embeddable":true,"href":"https:\/\/przedszkole51.edu.wroclaw.pl\/index.php\/wp-json\/wp\/v2\/categories?post=3899"},{"taxonomy":"post_tag","embeddable":true,"href":"https:\/\/przedszkole51.edu.wroclaw.pl\/index.php\/wp-json\/wp\/v2\/tags?post=3899"}],"curies":[{"name":"wp","href":"https:\/\/api.w.org\/{rel}","templated":true}]}}