
{"id":3912,"date":"2024-10-29T07:28:20","date_gmt":"2024-10-29T06:28:20","guid":{"rendered":"https:\/\/przedszkole51.edu.wroclaw.pl\/?p=3912"},"modified":"2024-12-02T08:58:28","modified_gmt":"2024-12-02T07:58:28","slug":"dzien-pluszowego-misia","status":"publish","type":"post","link":"https:\/\/przedszkole51.edu.wroclaw.pl\/index.php\/2024\/10\/29\/dzien-pluszowego-misia\/","title":{"rendered":"&#8222;Mam marzenie&#8221;"},"content":{"rendered":"<p><a href=\"http:\/\/Wielkimi krokami zbli\u017ca si\u0119 Dzie\u0144 Pluszowego Misia \u2013 wyj\u0105tkowe \u015bwi\u0119to dla ka\u017cdego dziecka. Fundacja \u201eMam marzenie\u201d, widz\u0105c potrzeb\u0119 wsparcia psychologicznego dzieci przebywaj\u0105cych w szpitalach, corocznie przekazuje ma\u0142ym pacjentom pluszaki i zabawki. Nasze przedszkole tak\u017ce w\u0142\u0105cza si\u0119 do pomocy. Zach\u0119camy do wsparcia akcji i podarowania u\u015bmiechu dzieciom w tym wyj\u0105tkowym dla nich dniu. Szanowni Pa\u0144stwo! Zbieramy wy\u0142\u0105cznie NOWE maskotki, gry, puzzle, zabawki oraz artyku\u0142y szkolne. Beneficjentami akcji (pacjentami) s\u0105 dzieci od 1 dnia \u017cycia do 18 roku. DZIECI PRZEBYWAJ\u0104CE W SZPITALACH NIE MOG\u0104 DOSTAWA\u0106 U\u017bYWANYCH ZABAWEK! Zbi\u00f3rka w naszym przedszkolu b\u0119dzie przebiega\u0107 w terminie do 20.11.2024r. (w grupach: I, IX i XIII) Bardzo serdecznie zapraszamy Pa\u0144stwa do wsp\u00f3\u0142pracy.\"><img loading=\"lazy\" decoding=\"async\" class=\"alignnone size-medium wp-image-3914\" src=\"https:\/\/przedszkole51.edu.wroclaw.pl\/wp-content\/uploads\/sites\/69\/2024\/10\/fmm_dzienMisia_a3__-1-212x300.jpg\" alt=\"\" width=\"212\" height=\"300\" srcset=\"https:\/\/przedszkole51.edu.wroclaw.pl\/wp-content\/uploads\/sites\/69\/2024\/10\/fmm_dzienMisia_a3__-1-212x300.jpg 212w, https:\/\/przedszkole51.edu.wroclaw.pl\/wp-content\/uploads\/sites\/69\/2024\/10\/fmm_dzienMisia_a3__-1-724x1024.jpg 724w, https:\/\/przedszkole51.edu.wroclaw.pl\/wp-content\/uploads\/sites\/69\/2024\/10\/fmm_dzienMisia_a3__-1-768x1086.jpg 768w, https:\/\/przedszkole51.edu.wroclaw.pl\/wp-content\/uploads\/sites\/69\/2024\/10\/fmm_dzienMisia_a3__-1.jpg 877w\" sizes=\"auto, (max-width: 212px) 100vw, 212px\" \/><\/a><\/p>\n<p><a href=\"http:\/\/Wielkimi krokami zbli\u017ca si\u0119 Dzie\u0144 Pluszowego Misia \u2013 wyj\u0105tkowe \u015bwi\u0119to dla ka\u017cdego dziecka. Fundacja \u201eMam marzenie\u201d, widz\u0105c potrzeb\u0119 wsparcia psychologicznego dzieci przebywaj\u0105cych w szpitalach, corocznie przekazuje ma\u0142ym pacjentom pluszaki i zabawki. Nasze przedszkole tak\u017ce w\u0142\u0105cza si\u0119 do pomocy. Zach\u0119camy do wsparcia akcji i podarowania u\u015bmiechu dzieciom w tym wyj\u0105tkowym dla nich dniu. Szanowni Pa\u0144stwo! Zbieramy wy\u0142\u0105cznie NOWE maskotki, gry, puzzle, zabawki oraz artyku\u0142y szkolne. Beneficjentami akcji (pacjentami) s\u0105 dzieci od 1 dnia \u017cycia do 18 roku. DZIECI PRZEBYWAJ\u0104CE W SZPITALACH NIE MOG\u0104 DOSTAWA\u0106 U\u017bYWANYCH ZABAWEK! Zbi\u00f3rka w naszym przedszkolu b\u0119dzie przebiega\u0107 w terminie do 20.11.2024r. (w grupach: I, IX i XIII) Bardzo serdecznie zapraszamy Pa\u0144stwa do wsp\u00f3\u0142pracy.\">Drodzy Rodzice!<\/a><\/p>\n<p>Wielkimi krokami zbli\u017ca si\u0119 <strong>Dzie\u0144 Pluszowego Misia <\/strong>\u2013 wyj\u0105tkowe \u015bwi\u0119to dla ka\u017cdego dziecka. Fundacja \u201eMam marzenie\u201d, widz\u0105c potrzeb\u0119 wsparcia psychologicznego dzieci przebywaj\u0105cych w szpitalach, corocznie przekazuje ma\u0142ym pacjentom pluszaki i zabawki.<\/p>\n<p>Nasze przedszkole tak\u017ce w\u0142\u0105cza si\u0119 do pomocy. Zach\u0119camy do wsparcia akcji i podarowania u\u015bmiechu dzieciom w tym wyj\u0105tkowym dla nich dniu.<\/p>\n<h4>Szanowni Pa\u0144stwo!<\/h4>\n<h4>Zbieramy wy\u0142\u0105cznie NOWE<u> maskotki<\/u>, <u>gry<\/u>, <u>puzzle<\/u>, <u>zabawki<\/u> oraz <u>artyku\u0142y szkolne<\/u>.<\/h4>\n<p><em>Beneficjentami akcji (pacjentami) s\u0105 dzieci od 1 dnia \u017cycia do 18 roku. <\/em><\/p>\n<h4>DZIECI PRZEBYWAJ\u0104CE W SZPITALACH NIE MOG\u0104 DOSTAWA\u0106 U\u017bYWANYCH ZABAWEK!<\/h4>\n<h4>Zbi\u00f3rka w naszym przedszkolu b\u0119dzie przebiega\u0107 w terminie do 20.11.2024r.<\/h4>\n<h4>(w grupach: I, IX i XIII)<\/h4>\n<p>Bardzo serdecznie zapraszamy Pa\u0144stwa do wsp\u00f3\u0142pracy.<\/p>\n","protected":false},"excerpt":{"rendered":"<p>Wielkimi krokami zbli\u017ca si\u0119 Dzie\u0144 Pluszowego Misia<\/p>\n","protected":false},"author":267,"featured_media":4073,"comment_status":"open","ping_status":"open","sticky":false,"template":"","format":"standard","meta":{"ngg_post_thumbnail":0,"footnotes":""},"categories":[1],"tags":[],"class_list":["post-3912","post","type-post","status-publish","format-standard","has-post-thumbnail","hentry","category-aktualnosci","clearfix"],"_links":{"self":[{"href":"https:\/\/przedszkole51.edu.wroclaw.pl\/index.php\/wp-json\/wp\/v2\/posts\/3912","targetHints":{"allow":["GET"]}}],"collection":[{"href":"https:\/\/przedszkole51.edu.wroclaw.pl\/index.php\/wp-json\/wp\/v2\/posts"}],"about":[{"href":"https:\/\/przedszkole51.edu.wroclaw.pl\/index.php\/wp-json\/wp\/v2\/types\/post"}],"author":[{"embeddable":true,"href":"https:\/\/przedszkole51.edu.wroclaw.pl\/index.php\/wp-json\/wp\/v2\/users\/267"}],"replies":[{"embeddable":true,"href":"https:\/\/przedszkole51.edu.wroclaw.pl\/index.php\/wp-json\/wp\/v2\/comments?post=3912"}],"version-history":[{"count":10,"href":"https:\/\/przedszkole51.edu.wroclaw.pl\/index.php\/wp-json\/wp\/v2\/posts\/3912\/revisions"}],"predecessor-version":[{"id":4074,"href":"https:\/\/przedszkole51.edu.wroclaw.pl\/index.php\/wp-json\/wp\/v2\/posts\/3912\/revisions\/4074"}],"wp:featuredmedia":[{"embeddable":true,"href":"https:\/\/przedszkole51.edu.wroclaw.pl\/index.php\/wp-json\/wp\/v2\/media\/4073"}],"wp:attachment":[{"href":"https:\/\/przedszkole51.edu.wroclaw.pl\/index.php\/wp-json\/wp\/v2\/media?parent=3912"}],"wp:term":[{"taxonomy":"category","embeddable":true,"href":"https:\/\/przedszkole51.edu.wroclaw.pl\/index.php\/wp-json\/wp\/v2\/categories?post=3912"},{"taxonomy":"post_tag","embeddable":true,"href":"https:\/\/przedszkole51.edu.wroclaw.pl\/index.php\/wp-json\/wp\/v2\/tags?post=3912"}],"curies":[{"name":"wp","href":"https:\/\/api.w.org\/{rel}","templated":true}]}}