
{"id":392,"date":"2021-12-28T12:27:56","date_gmt":"2021-12-28T11:27:56","guid":{"rendered":"https:\/\/przedszkole51.edu.wroclaw.pl\/?p=392"},"modified":"2024-10-05T14:07:37","modified_gmt":"2024-10-05T12:07:37","slug":"program-promocji-zdrowia","status":"publish","type":"post","link":"https:\/\/przedszkole51.edu.wroclaw.pl\/index.php\/2021\/12\/28\/program-promocji-zdrowia\/","title":{"rendered":"Program Promocji Zdrowia"},"content":{"rendered":"<p><img loading=\"lazy\" decoding=\"async\" class=\"alignnone size-medium wp-image-1292 aligncenter\" src=\"https:\/\/przedszkole51.edu.wroclaw.pl\/wp-content\/uploads\/sites\/69\/2021\/12\/Promocja-zdrowia-300x300.jpg\" alt=\"\" width=\"300\" height=\"300\" srcset=\"https:\/\/przedszkole51.edu.wroclaw.pl\/wp-content\/uploads\/sites\/69\/2021\/12\/Promocja-zdrowia-300x300.jpg 300w, https:\/\/przedszkole51.edu.wroclaw.pl\/wp-content\/uploads\/sites\/69\/2021\/12\/Promocja-zdrowia-150x150.jpg 150w, https:\/\/przedszkole51.edu.wroclaw.pl\/wp-content\/uploads\/sites\/69\/2021\/12\/Promocja-zdrowia.jpg 564w\" sizes=\"auto, (max-width: 300px) 100vw, 300px\" \/><\/p>\n<p><strong>Program edukacji zdrowotnej\u00a0\u201eJa i moja rodzina zdrowo si\u0119 trzyma\u201d\u00a0<\/strong>realizowany jest od lat w naszej plac\u00f3wce.<\/p>\n<p>W ramach podj\u0119tych dzia\u0142a\u0144 odbywaj\u0105 si\u0119 zaj\u0119cia grupowe z dzie\u0107mi, konkursy plastyczne, recytatorskie, autorskie (ksi\u0105\u017cka kucharska) jak te\u017c wycieczki, spacery.<br \/>\nWszystkie dzia\u0142ania maj\u0105 na celu u\u015bwiadomienie dzieciom i rodzicom jak wa\u017cne, z pozoru b\u0142ahe zachowania codzienne wp\u0142ywaj\u0105 na nasze zdrowie w ci\u0105gu ca\u0142ego \u017cycia.<em><br \/>\n<\/em><\/p>\n<p>&nbsp;<\/p>\n<p><strong>Cele programu:<\/strong><\/p>\n<p><strong>PROPAGOWANIE ZDROWEGO STYLU \u017bYCIA I NAWYK\u00d3W ODPOWIEDNIEGO OD\u017bYWIANIA SI\u0118 POPRZEZ SPO\u0141ECZNO\u015a\u0106 PRZEDSZKOLN\u0104 I LOKALN\u0104<\/strong><\/p>\n<p>&nbsp;<\/p>\n<p>poprzez:<\/p>\n<ul>\n<li>propagowanie zdrowego i regularnego (racjonalnego) od\u017cywiania, bogatego w witaminy zawarte, min. w owocach i warzywach<\/li>\n<li>zapoznanie ze znaczeniem zdrowego od\u017cywiania dla rozwoju dziecka i funkcjonowania doros\u0142ego<\/li>\n<li>rozumienie spo\u017cywania nabia\u0142u ze wzgl\u0119du na jego warto\u015bci od\u017cywcze i zdrowotne<\/li>\n<li>kszta\u0142towanie umiej\u0119tno\u015bci radzenia sobie w sytuacjach zagra\u017caj\u0105cych \u017cyciu i zdrowiu<\/li>\n<li>wdra\u017canie do przestrzegania zasad bezpiecze\u0144stwa<\/li>\n<li>rozwijanie sprawno\u015bci ruchowej<\/li>\n<li>wdra\u017canie do czynnego wypoczynku<\/li>\n<li>kszta\u0142towanie i doskonalenie nawyku prawid\u0142owej postawy cia\u0142a u dzieci we wszystkich czynno\u015bciach i sytuacjach dnia codziennego<\/li>\n<li>kszta\u0142towanie nawyk\u00f3w higieniczno \u2013 kulturalnych<\/li>\n<li>w\u0142\u0105czanie w realizacj\u0119 przedsi\u0119wzi\u0119\u0107 rodzin oraz innych podmiot\u00f3w spo\u0142eczno\u015bci lokalnej w ramach szeroko rozumianej wsp\u00f3\u0142pracy<em>\u00a0<\/em><\/li>\n<\/ul>\n<p>&nbsp;<\/p>\n<p><em>W ramach popierania akcji \u201eZosta\u0144 w domu\u201d jeszcze raz przypomnimy jak wa\u017cna jest higiena cia\u0142a w czasie walki z epidemi\u0105 .<\/em><\/p>\n<p>Propozycje dotycz\u0105 r\u00f3wnie\u017c cyklu zaj\u0119\u0107 w ramach projektu \u201eTrzymaj si\u0119 prosto\u201d \u2013 tutaj odnajdziecie zabawy i \u0107wiczenia kszta\u0142tuj\u0105ce prawid\u0142ow\u0105 postaw\u0119 cia\u0142a.<\/p>\n<p>Projekt \u201eBezpieczny przedszkolak\u201d, kt\u00f3ry sta\u0142 si\u0119 nieod\u0142\u0105czn\u0105 cz\u0119\u015bci\u0105 programu edukacji zdrowia tym razem b\u0119dzie zawiera\u0142 cykl informacji o bezpiecznym korzystaniu z sieci przez nasze pociechy.<\/p>\n<p>&nbsp;<\/p>\n<p><em>Program &#8222;Mamo, tato wol\u0119 wod\u0119&#8221; , to baza wiedzy dla Was na temat prawid\u0142owego nawodnienia i budowania zdrowych nawyk\u00f3w u dzieci oraz \u017ar\u00f3d\u0142o pomys\u0142\u00f3w na ciekawe i po\u017cyteczne sp\u0119dzanie czasu z Waszymi maluchami.<\/em><\/p>\n<p>Zapraszamy wszystkich Pa\u0144stwa do zagl\u0105dania do naszych zak\u0142adek promuj\u0105cych zdrowie.<\/p>\n<p style=\"text-align: right\">Odpowiedzialna: Ma\u0142gorzata Nowak<\/p>\n","protected":false},"excerpt":{"rendered":"<p>Program edukacji zdrowotnej\u00a0\u201eJa i moja rodzina zdrowo si\u0119 trzyma\u201d\u00a0realizowany jest od lat w naszej plac\u00f3wce. W ramach podj\u0119tych dzia\u0142a\u0144 odbywaj\u0105 si\u0119 zaj\u0119cia grupowe z dzie\u0107mi, konkursy plastyczne, recytatorskie, autorskie (ksi\u0105\u017cka [&hellip;]<\/p>\n","protected":false},"author":7,"featured_media":0,"comment_status":"open","ping_status":"open","sticky":false,"template":"","format":"standard","meta":{"ngg_post_thumbnail":0,"footnotes":""},"categories":[4],"tags":[],"class_list":["post-392","post","type-post","status-publish","format-standard","hentry","category-programy-i-projekty","clearfix"],"_links":{"self":[{"href":"https:\/\/przedszkole51.edu.wroclaw.pl\/index.php\/wp-json\/wp\/v2\/posts\/392","targetHints":{"allow":["GET"]}}],"collection":[{"href":"https:\/\/przedszkole51.edu.wroclaw.pl\/index.php\/wp-json\/wp\/v2\/posts"}],"about":[{"href":"https:\/\/przedszkole51.edu.wroclaw.pl\/index.php\/wp-json\/wp\/v2\/types\/post"}],"author":[{"embeddable":true,"href":"https:\/\/przedszkole51.edu.wroclaw.pl\/index.php\/wp-json\/wp\/v2\/users\/7"}],"replies":[{"embeddable":true,"href":"https:\/\/przedszkole51.edu.wroclaw.pl\/index.php\/wp-json\/wp\/v2\/comments?post=392"}],"version-history":[{"count":4,"href":"https:\/\/przedszkole51.edu.wroclaw.pl\/index.php\/wp-json\/wp\/v2\/posts\/392\/revisions"}],"predecessor-version":[{"id":3809,"href":"https:\/\/przedszkole51.edu.wroclaw.pl\/index.php\/wp-json\/wp\/v2\/posts\/392\/revisions\/3809"}],"wp:attachment":[{"href":"https:\/\/przedszkole51.edu.wroclaw.pl\/index.php\/wp-json\/wp\/v2\/media?parent=392"}],"wp:term":[{"taxonomy":"category","embeddable":true,"href":"https:\/\/przedszkole51.edu.wroclaw.pl\/index.php\/wp-json\/wp\/v2\/categories?post=392"},{"taxonomy":"post_tag","embeddable":true,"href":"https:\/\/przedszkole51.edu.wroclaw.pl\/index.php\/wp-json\/wp\/v2\/tags?post=392"}],"curies":[{"name":"wp","href":"https:\/\/api.w.org\/{rel}","templated":true}]}}