
{"id":4042,"date":"2024-11-27T13:51:10","date_gmt":"2024-11-27T12:51:10","guid":{"rendered":"https:\/\/przedszkole51.edu.wroclaw.pl\/?p=4042"},"modified":"2024-12-05T09:50:53","modified_gmt":"2024-12-05T08:50:53","slug":"dzien-kolejarza","status":"publish","type":"post","link":"https:\/\/przedszkole51.edu.wroclaw.pl\/index.php\/2024\/11\/27\/dzien-kolejarza\/","title":{"rendered":"Dzie\u0144 Kolejarza"},"content":{"rendered":"<p class=\"x_MsoNormal\"><img loading=\"lazy\" decoding=\"async\" class=\"alignnone size-medium wp-image-4048\" src=\"https:\/\/przedszkole51.edu.wroclaw.pl\/wp-content\/uploads\/sites\/69\/2024\/11\/img_20241122_102539220_hdr-300x226.jpg\" alt=\"\" width=\"300\" height=\"226\" srcset=\"https:\/\/przedszkole51.edu.wroclaw.pl\/wp-content\/uploads\/sites\/69\/2024\/11\/img_20241122_102539220_hdr-300x226.jpg 300w, https:\/\/przedszkole51.edu.wroclaw.pl\/wp-content\/uploads\/sites\/69\/2024\/11\/img_20241122_102539220_hdr-1024x771.jpg 1024w, https:\/\/przedszkole51.edu.wroclaw.pl\/wp-content\/uploads\/sites\/69\/2024\/11\/img_20241122_102539220_hdr-768x578.jpg 768w, https:\/\/przedszkole51.edu.wroclaw.pl\/wp-content\/uploads\/sites\/69\/2024\/11\/img_20241122_102539220_hdr-1536x1157.jpg 1536w, https:\/\/przedszkole51.edu.wroclaw.pl\/wp-content\/uploads\/sites\/69\/2024\/11\/img_20241122_102539220_hdr-2048x1542.jpg 2048w\" sizes=\"auto, (max-width: 300px) 100vw, 300px\" \/><img loading=\"lazy\" decoding=\"async\" class=\"alignnone size-medium wp-image-4047\" src=\"https:\/\/przedszkole51.edu.wroclaw.pl\/wp-content\/uploads\/sites\/69\/2024\/11\/img_20241122_101611397_hdr-226x300.jpg\" alt=\"\" width=\"226\" height=\"300\" srcset=\"https:\/\/przedszkole51.edu.wroclaw.pl\/wp-content\/uploads\/sites\/69\/2024\/11\/img_20241122_101611397_hdr-226x300.jpg 226w, https:\/\/przedszkole51.edu.wroclaw.pl\/wp-content\/uploads\/sites\/69\/2024\/11\/img_20241122_101611397_hdr-771x1024.jpg 771w, https:\/\/przedszkole51.edu.wroclaw.pl\/wp-content\/uploads\/sites\/69\/2024\/11\/img_20241122_101611397_hdr-768x1020.jpg 768w, https:\/\/przedszkole51.edu.wroclaw.pl\/wp-content\/uploads\/sites\/69\/2024\/11\/img_20241122_101611397_hdr-1157x1536.jpg 1157w, https:\/\/przedszkole51.edu.wroclaw.pl\/wp-content\/uploads\/sites\/69\/2024\/11\/img_20241122_101611397_hdr-1542x2048.jpg 1542w, https:\/\/przedszkole51.edu.wroclaw.pl\/wp-content\/uploads\/sites\/69\/2024\/11\/img_20241122_101611397_hdr-scaled.jpg 1928w\" sizes=\"auto, (max-width: 226px) 100vw, 226px\" \/><img loading=\"lazy\" decoding=\"async\" class=\"alignnone size-medium wp-image-4046\" src=\"https:\/\/przedszkole51.edu.wroclaw.pl\/wp-content\/uploads\/sites\/69\/2024\/11\/img_20241122_101251540_mp-300x226.jpg\" alt=\"\" width=\"300\" height=\"226\" srcset=\"https:\/\/przedszkole51.edu.wroclaw.pl\/wp-content\/uploads\/sites\/69\/2024\/11\/img_20241122_101251540_mp-300x226.jpg 300w, https:\/\/przedszkole51.edu.wroclaw.pl\/wp-content\/uploads\/sites\/69\/2024\/11\/img_20241122_101251540_mp-1024x771.jpg 1024w, https:\/\/przedszkole51.edu.wroclaw.pl\/wp-content\/uploads\/sites\/69\/2024\/11\/img_20241122_101251540_mp-768x578.jpg 768w, https:\/\/przedszkole51.edu.wroclaw.pl\/wp-content\/uploads\/sites\/69\/2024\/11\/img_20241122_101251540_mp-1536x1157.jpg 1536w, https:\/\/przedszkole51.edu.wroclaw.pl\/wp-content\/uploads\/sites\/69\/2024\/11\/img_20241122_101251540_mp-2048x1542.jpg 2048w\" sizes=\"auto, (max-width: 300px) 100vw, 300px\" \/><img loading=\"lazy\" decoding=\"async\" class=\"alignnone size-medium wp-image-4045\" src=\"https:\/\/przedszkole51.edu.wroclaw.pl\/wp-content\/uploads\/sites\/69\/2024\/11\/img_20241122_101240754_mp-300x226.jpg\" alt=\"\" width=\"300\" height=\"226\" srcset=\"https:\/\/przedszkole51.edu.wroclaw.pl\/wp-content\/uploads\/sites\/69\/2024\/11\/img_20241122_101240754_mp-300x226.jpg 300w, https:\/\/przedszkole51.edu.wroclaw.pl\/wp-content\/uploads\/sites\/69\/2024\/11\/img_20241122_101240754_mp-1024x771.jpg 1024w, https:\/\/przedszkole51.edu.wroclaw.pl\/wp-content\/uploads\/sites\/69\/2024\/11\/img_20241122_101240754_mp-768x578.jpg 768w, https:\/\/przedszkole51.edu.wroclaw.pl\/wp-content\/uploads\/sites\/69\/2024\/11\/img_20241122_101240754_mp-1536x1157.jpg 1536w, https:\/\/przedszkole51.edu.wroclaw.pl\/wp-content\/uploads\/sites\/69\/2024\/11\/img_20241122_101240754_mp-2048x1542.jpg 2048w\" sizes=\"auto, (max-width: 300px) 100vw, 300px\" \/><\/p>\n<p class=\"x_MsoNormal\">Dzie\u0144 Kolejarza oczami naszych przedszkolak\u00f3w! \ud83c\udf3c Wspania\u0142\u0105 okazj\u0105 do uczczenia pami\u0119ci tych, kt\u00f3rzy przyczynili si\u0119 do rozwoju kolejnictwa, by\u0142o z\u0142o\u017cenie kwiat\u00f3w pod pomnikiem. To pi\u0119kny gest wdzi\u0119czno\u015bci i szacunku, kt\u00f3ry zaznaczy\u0142, jak wa\u017cna jest ta profesja w naszym spo\u0142ecze\u0144stwie. Dzi\u0119kujemy wszystkim, kt\u00f3rzy wspieraj\u0105 m\u0142ode pokolenia w docenianiu warto\u015bci historii! \ud83d\ude82\ud83d\udc90 #Dzie\u0144Kolejarza #KwiatyDlaKolejarzy #WspierajmyHistorie<\/p>\n","protected":false},"excerpt":{"rendered":"<p>#WspierajmyHistorie<\/p>\n","protected":false},"author":267,"featured_media":4049,"comment_status":"open","ping_status":"open","sticky":false,"template":"","format":"standard","meta":{"ngg_post_thumbnail":0,"footnotes":""},"categories":[1],"tags":[],"class_list":["post-4042","post","type-post","status-publish","format-standard","has-post-thumbnail","hentry","category-aktualnosci","clearfix"],"_links":{"self":[{"href":"https:\/\/przedszkole51.edu.wroclaw.pl\/index.php\/wp-json\/wp\/v2\/posts\/4042","targetHints":{"allow":["GET"]}}],"collection":[{"href":"https:\/\/przedszkole51.edu.wroclaw.pl\/index.php\/wp-json\/wp\/v2\/posts"}],"about":[{"href":"https:\/\/przedszkole51.edu.wroclaw.pl\/index.php\/wp-json\/wp\/v2\/types\/post"}],"author":[{"embeddable":true,"href":"https:\/\/przedszkole51.edu.wroclaw.pl\/index.php\/wp-json\/wp\/v2\/users\/267"}],"replies":[{"embeddable":true,"href":"https:\/\/przedszkole51.edu.wroclaw.pl\/index.php\/wp-json\/wp\/v2\/comments?post=4042"}],"version-history":[{"count":6,"href":"https:\/\/przedszkole51.edu.wroclaw.pl\/index.php\/wp-json\/wp\/v2\/posts\/4042\/revisions"}],"predecessor-version":[{"id":4090,"href":"https:\/\/przedszkole51.edu.wroclaw.pl\/index.php\/wp-json\/wp\/v2\/posts\/4042\/revisions\/4090"}],"wp:featuredmedia":[{"embeddable":true,"href":"https:\/\/przedszkole51.edu.wroclaw.pl\/index.php\/wp-json\/wp\/v2\/media\/4049"}],"wp:attachment":[{"href":"https:\/\/przedszkole51.edu.wroclaw.pl\/index.php\/wp-json\/wp\/v2\/media?parent=4042"}],"wp:term":[{"taxonomy":"category","embeddable":true,"href":"https:\/\/przedszkole51.edu.wroclaw.pl\/index.php\/wp-json\/wp\/v2\/categories?post=4042"},{"taxonomy":"post_tag","embeddable":true,"href":"https:\/\/przedszkole51.edu.wroclaw.pl\/index.php\/wp-json\/wp\/v2\/tags?post=4042"}],"curies":[{"name":"wp","href":"https:\/\/api.w.org\/{rel}","templated":true}]}}