
{"id":4180,"date":"2025-01-03T09:33:49","date_gmt":"2025-01-03T08:33:49","guid":{"rendered":"https:\/\/przedszkole51.edu.wroclaw.pl\/?p=4180"},"modified":"2025-01-03T09:34:34","modified_gmt":"2025-01-03T08:34:34","slug":"wyniki-konkursu-miedzyprzedszkolnego","status":"publish","type":"post","link":"https:\/\/przedszkole51.edu.wroclaw.pl\/index.php\/2025\/01\/03\/wyniki-konkursu-miedzyprzedszkolnego\/","title":{"rendered":"Wyniki konkursu"},"content":{"rendered":"<p><strong>Wyniki konkursu mi\u0119dzyprzedszkolnego<br \/>\n\u201eW krainie ozd\u00f3b \u015bwi\u0105tecznych\u201d<\/strong><\/p>\n<ul>\n<li><strong>I miejsce:<\/strong> grupa II, Przedszkole nr 3<\/li>\n<li><strong>II miejsce:<\/strong> Paulina Zdu\u0144czyk, Przedszkole nr 14<\/li>\n<li><strong>III miejsce:<\/strong> Maria Bednarz, Przedszkole nr 51<\/li>\n<\/ul>\n<p><strong><br \/>\nWyr\u00f3\u017cnienia:<\/strong><\/p>\n<ul>\n<li>Maria Capok, Przedszkole nr 148<\/li>\n<li>Anna Yepik, Przedszkole nr 148<\/li>\n<li>Stanis\u0142aw i Barbara Smykla, Przedszkole nr 51<\/li>\n<li>Ewa Kocela, Przedszkole nr 104<\/li>\n<li>Joanna St\u0119pie\u0144, Przedszkole nr 77<\/li>\n<li>Kira Mryha-Vanarka, Przedszkole nr 47<\/li>\n<li>Nina Vasyliuk, Przedszkole nr 51<\/li>\n<li>Zuzanna D\u0105bkiewicz, Przedszkole nr 50<\/li>\n<li>Stanis\u0142aw Wo\u017aniak, Przedszkole nr 58<\/li>\n<li>Pawe\u0142 Nowak, Dawid Wr\u00f3bel, Jagoda \u017berkowska, Przedszkole nr 25<\/li>\n<li>Stefan i Stanis\u0142aw Miarka, Przedszkole nr 51<\/li>\n<\/ul>\n<p>Serdecznie gratulujemy i zapraszamy po odbi\u00f3r nagr\u00f3d i dyplom\u00f3w do naszego przedszkola po 6 stycznia 2025 r.<\/p>\n","protected":false},"excerpt":{"rendered":"<p>\u201eW krainie ozd\u00f3b \u015bwi\u0105tecznych\u201d<\/p>\n","protected":false},"author":267,"featured_media":4174,"comment_status":"open","ping_status":"open","sticky":false,"template":"","format":"standard","meta":{"ngg_post_thumbnail":0,"footnotes":""},"categories":[1],"tags":[],"class_list":["post-4180","post","type-post","status-publish","format-standard","has-post-thumbnail","hentry","category-aktualnosci","clearfix"],"_links":{"self":[{"href":"https:\/\/przedszkole51.edu.wroclaw.pl\/index.php\/wp-json\/wp\/v2\/posts\/4180","targetHints":{"allow":["GET"]}}],"collection":[{"href":"https:\/\/przedszkole51.edu.wroclaw.pl\/index.php\/wp-json\/wp\/v2\/posts"}],"about":[{"href":"https:\/\/przedszkole51.edu.wroclaw.pl\/index.php\/wp-json\/wp\/v2\/types\/post"}],"author":[{"embeddable":true,"href":"https:\/\/przedszkole51.edu.wroclaw.pl\/index.php\/wp-json\/wp\/v2\/users\/267"}],"replies":[{"embeddable":true,"href":"https:\/\/przedszkole51.edu.wroclaw.pl\/index.php\/wp-json\/wp\/v2\/comments?post=4180"}],"version-history":[{"count":2,"href":"https:\/\/przedszkole51.edu.wroclaw.pl\/index.php\/wp-json\/wp\/v2\/posts\/4180\/revisions"}],"predecessor-version":[{"id":4182,"href":"https:\/\/przedszkole51.edu.wroclaw.pl\/index.php\/wp-json\/wp\/v2\/posts\/4180\/revisions\/4182"}],"wp:featuredmedia":[{"embeddable":true,"href":"https:\/\/przedszkole51.edu.wroclaw.pl\/index.php\/wp-json\/wp\/v2\/media\/4174"}],"wp:attachment":[{"href":"https:\/\/przedszkole51.edu.wroclaw.pl\/index.php\/wp-json\/wp\/v2\/media?parent=4180"}],"wp:term":[{"taxonomy":"category","embeddable":true,"href":"https:\/\/przedszkole51.edu.wroclaw.pl\/index.php\/wp-json\/wp\/v2\/categories?post=4180"},{"taxonomy":"post_tag","embeddable":true,"href":"https:\/\/przedszkole51.edu.wroclaw.pl\/index.php\/wp-json\/wp\/v2\/tags?post=4180"}],"curies":[{"name":"wp","href":"https:\/\/api.w.org\/{rel}","templated":true}]}}