
{"id":4263,"date":"2025-01-31T12:00:25","date_gmt":"2025-01-31T11:00:25","guid":{"rendered":"https:\/\/przedszkole51.edu.wroclaw.pl\/?p=4263"},"modified":"2025-01-31T14:40:45","modified_gmt":"2025-01-31T13:40:45","slug":"grudniowe-wydarzenia","status":"publish","type":"post","link":"https:\/\/przedszkole51.edu.wroclaw.pl\/index.php\/2025\/01\/31\/grudniowe-wydarzenia\/","title":{"rendered":"Grudniowe akcje"},"content":{"rendered":"<div class=\"article-lead main-text\">\n<p>Grudzie\u0144 obfitowa\u0142 w szereg charytatywnych akcji, w kt\u00f3rych sw\u00f3j znacz\u0105cy udzia\u0142 mieli nasi wychowankowie oraz ich rodziny.<\/p>\n<\/div>\n<div class=\"main-text\">\n<ul>\n<li>Zbi\u00f3rka ciast \u015bwi\u0105tecznych dla mieszkanek Schroniska im. \u015aw. Brata Alberta we W-wiu;<\/li>\n<li>\u00a0Zbi\u00f3rka prezent\u00f3w dla podopiecznych Domu Dziecka &#8222;Wiosna&#8221; w Krzydlinie Ma\u0142ej;<\/li>\n<li>\u00a0Zaanga\u017cowanie w XXIV edycj\u0119 Szlachetnej Paczki;<\/li>\n<li>Kartki \u015awi\u0105teczne dla senior\u00f3w Caritas Archidiecezji Wroc\u0142awskiej<\/li>\n<\/ul>\n<\/div>\n<p>&nbsp;<\/p>\n<p>&nbsp;<\/p>\n<p><img loading=\"lazy\" decoding=\"async\" class=\"alignnone size-medium wp-image-4264\" src=\"https:\/\/przedszkole51.edu.wroclaw.pl\/wp-content\/uploads\/sites\/69\/2025\/01\/474826432_600549655941532_2917829528123622582_n-225x300.jpg\" alt=\"\" width=\"225\" height=\"300\" srcset=\"https:\/\/przedszkole51.edu.wroclaw.pl\/wp-content\/uploads\/sites\/69\/2025\/01\/474826432_600549655941532_2917829528123622582_n-225x300.jpg 225w, https:\/\/przedszkole51.edu.wroclaw.pl\/wp-content\/uploads\/sites\/69\/2025\/01\/474826432_600549655941532_2917829528123622582_n-769x1024.jpg 769w, https:\/\/przedszkole51.edu.wroclaw.pl\/wp-content\/uploads\/sites\/69\/2025\/01\/474826432_600549655941532_2917829528123622582_n-768x1023.jpg 768w, https:\/\/przedszkole51.edu.wroclaw.pl\/wp-content\/uploads\/sites\/69\/2025\/01\/474826432_600549655941532_2917829528123622582_n-1153x1536.jpg 1153w, https:\/\/przedszkole51.edu.wroclaw.pl\/wp-content\/uploads\/sites\/69\/2025\/01\/474826432_600549655941532_2917829528123622582_n.jpg 1537w\" sizes=\"auto, (max-width: 225px) 100vw, 225px\" \/><img loading=\"lazy\" decoding=\"async\" class=\"alignnone size-medium wp-image-4265\" src=\"https:\/\/przedszkole51.edu.wroclaw.pl\/wp-content\/uploads\/sites\/69\/2025\/01\/475079477_1290287728918150_5487968767947027224_n-225x300.jpg\" alt=\"\" width=\"225\" height=\"300\" srcset=\"https:\/\/przedszkole51.edu.wroclaw.pl\/wp-content\/uploads\/sites\/69\/2025\/01\/475079477_1290287728918150_5487968767947027224_n-225x300.jpg 225w, https:\/\/przedszkole51.edu.wroclaw.pl\/wp-content\/uploads\/sites\/69\/2025\/01\/475079477_1290287728918150_5487968767947027224_n-769x1024.jpg 769w, https:\/\/przedszkole51.edu.wroclaw.pl\/wp-content\/uploads\/sites\/69\/2025\/01\/475079477_1290287728918150_5487968767947027224_n-768x1023.jpg 768w, https:\/\/przedszkole51.edu.wroclaw.pl\/wp-content\/uploads\/sites\/69\/2025\/01\/475079477_1290287728918150_5487968767947027224_n-1153x1536.jpg 1153w, https:\/\/przedszkole51.edu.wroclaw.pl\/wp-content\/uploads\/sites\/69\/2025\/01\/475079477_1290287728918150_5487968767947027224_n.jpg 1537w\" sizes=\"auto, (max-width: 225px) 100vw, 225px\" \/><img loading=\"lazy\" decoding=\"async\" class=\"alignnone size-medium wp-image-4266\" src=\"https:\/\/przedszkole51.edu.wroclaw.pl\/wp-content\/uploads\/sites\/69\/2025\/01\/474809160_8654867274618761_7109340938729090767_n-240x300.jpg\" alt=\"\" width=\"240\" height=\"300\" srcset=\"https:\/\/przedszkole51.edu.wroclaw.pl\/wp-content\/uploads\/sites\/69\/2025\/01\/474809160_8654867274618761_7109340938729090767_n-240x300.jpg 240w, https:\/\/przedszkole51.edu.wroclaw.pl\/wp-content\/uploads\/sites\/69\/2025\/01\/474809160_8654867274618761_7109340938729090767_n-819x1024.jpg 819w, https:\/\/przedszkole51.edu.wroclaw.pl\/wp-content\/uploads\/sites\/69\/2025\/01\/474809160_8654867274618761_7109340938729090767_n-768x960.jpg 768w, https:\/\/przedszkole51.edu.wroclaw.pl\/wp-content\/uploads\/sites\/69\/2025\/01\/474809160_8654867274618761_7109340938729090767_n.jpg 864w\" sizes=\"auto, (max-width: 240px) 100vw, 240px\" \/><img loading=\"lazy\" decoding=\"async\" class=\"alignnone size-medium wp-image-4267\" src=\"https:\/\/przedszkole51.edu.wroclaw.pl\/wp-content\/uploads\/sites\/69\/2025\/01\/475038336_1157657385830424_8607030350164058866_n-225x300.jpg\" alt=\"\" width=\"225\" height=\"300\" srcset=\"https:\/\/przedszkole51.edu.wroclaw.pl\/wp-content\/uploads\/sites\/69\/2025\/01\/475038336_1157657385830424_8607030350164058866_n-225x300.jpg 225w, https:\/\/przedszkole51.edu.wroclaw.pl\/wp-content\/uploads\/sites\/69\/2025\/01\/475038336_1157657385830424_8607030350164058866_n-769x1024.jpg 769w, https:\/\/przedszkole51.edu.wroclaw.pl\/wp-content\/uploads\/sites\/69\/2025\/01\/475038336_1157657385830424_8607030350164058866_n-768x1023.jpg 768w, https:\/\/przedszkole51.edu.wroclaw.pl\/wp-content\/uploads\/sites\/69\/2025\/01\/475038336_1157657385830424_8607030350164058866_n-1153x1536.jpg 1153w, https:\/\/przedszkole51.edu.wroclaw.pl\/wp-content\/uploads\/sites\/69\/2025\/01\/475038336_1157657385830424_8607030350164058866_n.jpg 1201w\" sizes=\"auto, (max-width: 225px) 100vw, 225px\" \/><\/p>\n","protected":false},"excerpt":{"rendered":"<p>#charytatywnie<\/p>\n","protected":false},"author":267,"featured_media":2100,"comment_status":"open","ping_status":"open","sticky":false,"template":"","format":"standard","meta":{"ngg_post_thumbnail":0,"footnotes":""},"categories":[1],"tags":[],"class_list":["post-4263","post","type-post","status-publish","format-standard","has-post-thumbnail","hentry","category-aktualnosci","clearfix"],"_links":{"self":[{"href":"https:\/\/przedszkole51.edu.wroclaw.pl\/index.php\/wp-json\/wp\/v2\/posts\/4263","targetHints":{"allow":["GET"]}}],"collection":[{"href":"https:\/\/przedszkole51.edu.wroclaw.pl\/index.php\/wp-json\/wp\/v2\/posts"}],"about":[{"href":"https:\/\/przedszkole51.edu.wroclaw.pl\/index.php\/wp-json\/wp\/v2\/types\/post"}],"author":[{"embeddable":true,"href":"https:\/\/przedszkole51.edu.wroclaw.pl\/index.php\/wp-json\/wp\/v2\/users\/267"}],"replies":[{"embeddable":true,"href":"https:\/\/przedszkole51.edu.wroclaw.pl\/index.php\/wp-json\/wp\/v2\/comments?post=4263"}],"version-history":[{"count":19,"href":"https:\/\/przedszkole51.edu.wroclaw.pl\/index.php\/wp-json\/wp\/v2\/posts\/4263\/revisions"}],"predecessor-version":[{"id":4301,"href":"https:\/\/przedszkole51.edu.wroclaw.pl\/index.php\/wp-json\/wp\/v2\/posts\/4263\/revisions\/4301"}],"wp:featuredmedia":[{"embeddable":true,"href":"https:\/\/przedszkole51.edu.wroclaw.pl\/index.php\/wp-json\/wp\/v2\/media\/2100"}],"wp:attachment":[{"href":"https:\/\/przedszkole51.edu.wroclaw.pl\/index.php\/wp-json\/wp\/v2\/media?parent=4263"}],"wp:term":[{"taxonomy":"category","embeddable":true,"href":"https:\/\/przedszkole51.edu.wroclaw.pl\/index.php\/wp-json\/wp\/v2\/categories?post=4263"},{"taxonomy":"post_tag","embeddable":true,"href":"https:\/\/przedszkole51.edu.wroclaw.pl\/index.php\/wp-json\/wp\/v2\/tags?post=4263"}],"curies":[{"name":"wp","href":"https:\/\/api.w.org\/{rel}","templated":true}]}}