
{"id":4374,"date":"2025-02-18T14:16:34","date_gmt":"2025-02-18T13:16:34","guid":{"rendered":"https:\/\/przedszkole51.edu.wroclaw.pl\/?p=4374"},"modified":"2025-02-18T14:17:33","modified_gmt":"2025-02-18T13:17:33","slug":"wyniki-konkursu-bezpieczne-ferie","status":"publish","type":"post","link":"https:\/\/przedszkole51.edu.wroclaw.pl\/index.php\/2025\/02\/18\/wyniki-konkursu-bezpieczne-ferie\/","title":{"rendered":"&#8222;Bezpieczne ferie&#8221;"},"content":{"rendered":"<p>Wyniki konkursu &#8222;Bezpieczne ferie&#8221;:<\/p>\n<div dir=\"auto\">\n<div dir=\"auto\">I miejsce &#8211; Antoni Bienkiewicz P41<\/div>\n<div dir=\"auto\">II miejsce &#8211; Wiktor Ludwig P51<\/div>\n<div dir=\"auto\">III miejsce Helena Mokrzycka P50<\/div>\n<div dir=\"auto\"><\/div>\n<div dir=\"auto\">Wyr\u00f3\u017cnienia:<\/div>\n<div dir=\"auto\">Liliana Oleszczuk P19<\/div>\n<div dir=\"auto\">Michalina Kosi\u0144ska P77<\/div>\n<div dir=\"auto\">Martyna Kamaj P124<\/div>\n<div dir=\"auto\"><\/div>\n<div dir=\"auto\">Serdecznie dzi\u0119kujemy za zaanga\u017cowanie oraz kreatywno\u015b\u0107 w przygotowaniu prac plastycznych, a\u00a0 zwyci\u0119zcom gratulujemy!<\/div>\n<\/div>\n<div dir=\"auto\"><\/div>\n","protected":false},"excerpt":{"rendered":"<p>Wyniki konkursu <\/p>\n","protected":false},"author":267,"featured_media":4376,"comment_status":"open","ping_status":"open","sticky":false,"template":"","format":"standard","meta":{"ngg_post_thumbnail":0,"footnotes":""},"categories":[1],"tags":[],"class_list":["post-4374","post","type-post","status-publish","format-standard","has-post-thumbnail","hentry","category-aktualnosci","clearfix"],"_links":{"self":[{"href":"https:\/\/przedszkole51.edu.wroclaw.pl\/index.php\/wp-json\/wp\/v2\/posts\/4374","targetHints":{"allow":["GET"]}}],"collection":[{"href":"https:\/\/przedszkole51.edu.wroclaw.pl\/index.php\/wp-json\/wp\/v2\/posts"}],"about":[{"href":"https:\/\/przedszkole51.edu.wroclaw.pl\/index.php\/wp-json\/wp\/v2\/types\/post"}],"author":[{"embeddable":true,"href":"https:\/\/przedszkole51.edu.wroclaw.pl\/index.php\/wp-json\/wp\/v2\/users\/267"}],"replies":[{"embeddable":true,"href":"https:\/\/przedszkole51.edu.wroclaw.pl\/index.php\/wp-json\/wp\/v2\/comments?post=4374"}],"version-history":[{"count":3,"href":"https:\/\/przedszkole51.edu.wroclaw.pl\/index.php\/wp-json\/wp\/v2\/posts\/4374\/revisions"}],"predecessor-version":[{"id":4379,"href":"https:\/\/przedszkole51.edu.wroclaw.pl\/index.php\/wp-json\/wp\/v2\/posts\/4374\/revisions\/4379"}],"wp:featuredmedia":[{"embeddable":true,"href":"https:\/\/przedszkole51.edu.wroclaw.pl\/index.php\/wp-json\/wp\/v2\/media\/4376"}],"wp:attachment":[{"href":"https:\/\/przedszkole51.edu.wroclaw.pl\/index.php\/wp-json\/wp\/v2\/media?parent=4374"}],"wp:term":[{"taxonomy":"category","embeddable":true,"href":"https:\/\/przedszkole51.edu.wroclaw.pl\/index.php\/wp-json\/wp\/v2\/categories?post=4374"},{"taxonomy":"post_tag","embeddable":true,"href":"https:\/\/przedszkole51.edu.wroclaw.pl\/index.php\/wp-json\/wp\/v2\/tags?post=4374"}],"curies":[{"name":"wp","href":"https:\/\/api.w.org\/{rel}","templated":true}]}}