
{"id":4537,"date":"2025-03-12T11:15:56","date_gmt":"2025-03-12T10:15:56","guid":{"rendered":"https:\/\/przedszkole51.edu.wroclaw.pl\/?p=4537"},"modified":"2025-03-26T08:00:39","modified_gmt":"2025-03-26T07:00:39","slug":"prelekcja-p-p-p-nr-9","status":"publish","type":"post","link":"https:\/\/przedszkole51.edu.wroclaw.pl\/index.php\/2025\/03\/12\/prelekcja-p-p-p-nr-9\/","title":{"rendered":"#P.P.-P. nr 9"},"content":{"rendered":"<p><span class=\"html-span xdj266r x11i5rnm xat24cr x1mh8g0r xexx8yu x4uap5 x18d9i69 xkhd6sd x1hl2dhg x16tdsg8 x1vvkbs x4k7w5x x1h91t0o x1h9r5lt x1jfb8zj xv2umb2 x1beo9mf xaigb6o x12ejxvf x3igimt xarpa2k xedcshv x1lytzrv x1t2pt76 x7ja8zs x1qrby5j\"><span class=\"x193iq5w xeuugli x13faqbe x1vvkbs x1xmvt09 x1lliihq x1s928wv xhkezso x1gmr53x x1cpjm7i x1fgarty x1943h6x xudqn12 x3x7a5m x6prxxf xvq8zen xo1l8bm x14ctfv\" dir=\"auto\">Szanowni Pa\u0144stwo, z ogromn\u0105 rado\u015bci\u0105 informujemy, \u017ce w naszym przedszkolu odby\u0142a si\u0119 prelekcja dla rodzic\u00f3w, <\/span><\/span><span class=\"html-span xdj266r x11i5rnm xat24cr x1mh8g0r xexx8yu x4uap5 x18d9i69 xkhd6sd x1hl2dhg x16tdsg8 x1vvkbs x4k7w5x x1h91t0o x1h9r5lt x1jfb8zj xv2umb2 x1beo9mf xaigb6o x12ejxvf x3igimt xarpa2k xedcshv x1lytzrv x1t2pt76 x7ja8zs x1qrby5j\"><span class=\"x193iq5w xeuugli x13faqbe x1vvkbs x1xmvt09 x1lliihq x1s928wv xhkezso x1gmr53x x1cpjm7i x1fgarty x1943h6x xudqn12 x3x7a5m x6prxxf xvq8zen xo1l8bm x14ctfv\" dir=\"auto\">zorganizowana we wsp\u00f3\u0142pracy z Poradni\u0105 Psychologiczno-Pedagogiczn\u0105 nr 9. Spotkanie mia\u0142o na celu przybli\u017cenie kluczowych zagadnie\u0144 zwi\u0105zanych z rozwojem dzieci na r\u00f3\u017cnych etapach ich \u017cycia, a tak\u017ce om\u00f3wienie wyzwa\u0144, z jakimi mog\u0105 si\u0119 Pa\u0144stwo spotka\u0107 w codziennym wychowaniu swoich pociech. Podczas prelekcji eksperci z poradni podzielili si\u0119 swoj\u0105 wiedz\u0105 i do\u015bwiadczeniem, przedstawiaj\u0105c istotne aspekty rozwoju dzieci w ka\u017cdej grupie wiekowej. Om\u00f3wili\u015bmy, jak wspiera\u0107 najm\u0142odszych w ich codziennych aktywno\u015bciach, jakie metody wychowawcze mog\u0105 by\u0107 pomocne w budowaniu ich samodzielno\u015bci i pewno\u015bci siebie, a tak\u017ce gdzie szuka\u0107 profesjonalnej pomocy, je\u015bli pojawi\u0105 si\u0119 jakiekolwiek niepokoj\u0105ce sygna\u0142y w zachowaniu dziecka. Dzi\u0119kujemy za Pa\u0144stwa obecno\u015b\u0107, aktywny udzia\u0142 oraz liczne pytania i refleksje. Jeste\u015bmy przekonani, \u017ce tego typu inicjatywy przyczyniaj\u0105 si\u0119 do jeszcze lepszego wsparcia dzieci w ich prawid\u0142owym rozwoju. Serdeczne podzi\u0119kowania kierujemy r\u00f3wnie\u017c do Poradni Psychologiczno-Pedagogicznej nr 9 za owocn\u0105 wsp\u00f3\u0142prac\u0119, profesjonalizm i cenne wskaz\u00f3wki, kt\u00f3re z pewno\u015bci\u0105 b\u0119d\u0105 pomocne w codziennej pracy wychowawczej.<\/span><\/span><\/p>\n<p><img loading=\"lazy\" decoding=\"async\" class=\"alignnone size-medium wp-image-4539\" src=\"https:\/\/przedszkole51.edu.wroclaw.pl\/wp-content\/uploads\/sites\/69\/2025\/03\/482415126_660246396486743_8554355199111269801_n-300x225.jpg\" alt=\"\" width=\"300\" height=\"225\" srcset=\"https:\/\/przedszkole51.edu.wroclaw.pl\/wp-content\/uploads\/sites\/69\/2025\/03\/482415126_660246396486743_8554355199111269801_n-300x225.jpg 300w, https:\/\/przedszkole51.edu.wroclaw.pl\/wp-content\/uploads\/sites\/69\/2025\/03\/482415126_660246396486743_8554355199111269801_n-1024x769.jpg 1024w, https:\/\/przedszkole51.edu.wroclaw.pl\/wp-content\/uploads\/sites\/69\/2025\/03\/482415126_660246396486743_8554355199111269801_n-768x576.jpg 768w, https:\/\/przedszkole51.edu.wroclaw.pl\/wp-content\/uploads\/sites\/69\/2025\/03\/482415126_660246396486743_8554355199111269801_n-1536x1153.jpg 1536w, https:\/\/przedszkole51.edu.wroclaw.pl\/wp-content\/uploads\/sites\/69\/2025\/03\/482415126_660246396486743_8554355199111269801_n.jpg 2048w\" sizes=\"auto, (max-width: 300px) 100vw, 300px\" \/> \u00a0 <img loading=\"lazy\" decoding=\"async\" class=\"alignnone size-medium wp-image-4540\" src=\"https:\/\/przedszkole51.edu.wroclaw.pl\/wp-content\/uploads\/sites\/69\/2025\/03\/484369154_2034540623704659_7422653237119922431_n-300x225.jpg\" alt=\"\" width=\"300\" height=\"225\" srcset=\"https:\/\/przedszkole51.edu.wroclaw.pl\/wp-content\/uploads\/sites\/69\/2025\/03\/484369154_2034540623704659_7422653237119922431_n-300x225.jpg 300w, https:\/\/przedszkole51.edu.wroclaw.pl\/wp-content\/uploads\/sites\/69\/2025\/03\/484369154_2034540623704659_7422653237119922431_n-1024x769.jpg 1024w, https:\/\/przedszkole51.edu.wroclaw.pl\/wp-content\/uploads\/sites\/69\/2025\/03\/484369154_2034540623704659_7422653237119922431_n-768x576.jpg 768w, https:\/\/przedszkole51.edu.wroclaw.pl\/wp-content\/uploads\/sites\/69\/2025\/03\/484369154_2034540623704659_7422653237119922431_n-1536x1153.jpg 1536w, https:\/\/przedszkole51.edu.wroclaw.pl\/wp-content\/uploads\/sites\/69\/2025\/03\/484369154_2034540623704659_7422653237119922431_n.jpg 1600w\" sizes=\"auto, (max-width: 300px) 100vw, 300px\" \/><\/p>\n<p>&nbsp;<\/p>\n<p>&nbsp;<\/p>\n","protected":false},"excerpt":{"rendered":"<p>Prelekcja dla rodzic\u00f3w, zorganizowana we wsp\u00f3\u0142pracy z Poradni\u0105 Psychologiczno-Pedagogiczn\u0105 nr 9<\/p>\n","protected":false},"author":267,"featured_media":4538,"comment_status":"open","ping_status":"open","sticky":false,"template":"","format":"standard","meta":{"ngg_post_thumbnail":0,"footnotes":""},"categories":[1],"tags":[],"class_list":["post-4537","post","type-post","status-publish","format-standard","has-post-thumbnail","hentry","category-aktualnosci","clearfix"],"_links":{"self":[{"href":"https:\/\/przedszkole51.edu.wroclaw.pl\/index.php\/wp-json\/wp\/v2\/posts\/4537","targetHints":{"allow":["GET"]}}],"collection":[{"href":"https:\/\/przedszkole51.edu.wroclaw.pl\/index.php\/wp-json\/wp\/v2\/posts"}],"about":[{"href":"https:\/\/przedszkole51.edu.wroclaw.pl\/index.php\/wp-json\/wp\/v2\/types\/post"}],"author":[{"embeddable":true,"href":"https:\/\/przedszkole51.edu.wroclaw.pl\/index.php\/wp-json\/wp\/v2\/users\/267"}],"replies":[{"embeddable":true,"href":"https:\/\/przedszkole51.edu.wroclaw.pl\/index.php\/wp-json\/wp\/v2\/comments?post=4537"}],"version-history":[{"count":9,"href":"https:\/\/przedszkole51.edu.wroclaw.pl\/index.php\/wp-json\/wp\/v2\/posts\/4537\/revisions"}],"predecessor-version":[{"id":4625,"href":"https:\/\/przedszkole51.edu.wroclaw.pl\/index.php\/wp-json\/wp\/v2\/posts\/4537\/revisions\/4625"}],"wp:featuredmedia":[{"embeddable":true,"href":"https:\/\/przedszkole51.edu.wroclaw.pl\/index.php\/wp-json\/wp\/v2\/media\/4538"}],"wp:attachment":[{"href":"https:\/\/przedszkole51.edu.wroclaw.pl\/index.php\/wp-json\/wp\/v2\/media?parent=4537"}],"wp:term":[{"taxonomy":"category","embeddable":true,"href":"https:\/\/przedszkole51.edu.wroclaw.pl\/index.php\/wp-json\/wp\/v2\/categories?post=4537"},{"taxonomy":"post_tag","embeddable":true,"href":"https:\/\/przedszkole51.edu.wroclaw.pl\/index.php\/wp-json\/wp\/v2\/tags?post=4537"}],"curies":[{"name":"wp","href":"https:\/\/api.w.org\/{rel}","templated":true}]}}