
{"id":5244,"date":"2025-09-25T12:57:39","date_gmt":"2025-09-25T10:57:39","guid":{"rendered":"https:\/\/przedszkole51.edu.wroclaw.pl\/?p=5244"},"modified":"2025-10-14T07:43:46","modified_gmt":"2025-10-14T05:43:46","slug":"dzienkropki","status":"publish","type":"post","link":"https:\/\/przedszkole51.edu.wroclaw.pl\/index.php\/2025\/09\/25\/dzienkropki\/","title":{"rendered":"#Dzie\u0144Kropki"},"content":{"rendered":"<p>Na kartce bia\u0142a kropka ma\u0142a,<br \/>\nCichutko w k\u0105cie sobie sta\u0142a.<br \/>\nLecz nagle krzykn\u0105\u0142 kto\u015b: \u201eTo znak!<br \/>\nZ kropki powstanie pi\u0119kny \u015bwiat!\u201d<\/p>\n<p>Kropka to odwaga w sercu,<br \/>\n\u017ce potrafimy co\u015b od zera.<br \/>\nTo pierwszy kroczek, \u015bmia\u0142y \u015blad,<br \/>\nkt\u00f3ry prowadzi nas przez \u015bwiat.<\/p>\n<p>Wi\u0119c weso\u0142e \u015bwi\u0119to mamy,<br \/>\ntalenty w sobie odkrywamy.<br \/>\nNiech ka\u017cdy dziecko dobrze wie,<br \/>\n\u017ce w ka\u017cdej kropce \u2013 si\u0142a tkwi!<\/p>\n<p>\ud83d\udfe1\ud83d\udfe2\ud83d\udfe3\ud83d\udfe4\ud83d\udd35\u26aa\u26ab\ud83d\udfe0<\/p>\n<p>#Dzie\u0144Kropki<br \/>\n#PrzedszkoleWroc\u0142aw<br \/>\n#PrzedszkoleKolorowyPocz\u0105tek<\/p>\n<p><img loading=\"lazy\" decoding=\"async\" class=\"alignnone size-medium wp-image-5261\" src=\"https:\/\/przedszkole51.edu.wroclaw.pl\/wp-content\/uploads\/sites\/69\/2025\/09\/Screenshot_20250925-130647_Facebook-241x300.jpg\" alt=\"\" width=\"241\" height=\"300\" \/><\/p>\n<p>https:\/\/www.facebook.com\/share\/v\/1aFvKvgdgE\/<\/p>\n","protected":false},"excerpt":{"rendered":"<p>#PrzedszkoleKolorowyPocz\u0105tek<\/p>\n","protected":false},"author":267,"featured_media":5263,"comment_status":"open","ping_status":"open","sticky":false,"template":"","format":"standard","meta":{"ngg_post_thumbnail":0,"footnotes":""},"categories":[1],"tags":[],"class_list":["post-5244","post","type-post","status-publish","format-standard","has-post-thumbnail","hentry","category-aktualnosci","clearfix"],"_links":{"self":[{"href":"https:\/\/przedszkole51.edu.wroclaw.pl\/index.php\/wp-json\/wp\/v2\/posts\/5244","targetHints":{"allow":["GET"]}}],"collection":[{"href":"https:\/\/przedszkole51.edu.wroclaw.pl\/index.php\/wp-json\/wp\/v2\/posts"}],"about":[{"href":"https:\/\/przedszkole51.edu.wroclaw.pl\/index.php\/wp-json\/wp\/v2\/types\/post"}],"author":[{"embeddable":true,"href":"https:\/\/przedszkole51.edu.wroclaw.pl\/index.php\/wp-json\/wp\/v2\/users\/267"}],"replies":[{"embeddable":true,"href":"https:\/\/przedszkole51.edu.wroclaw.pl\/index.php\/wp-json\/wp\/v2\/comments?post=5244"}],"version-history":[{"count":4,"href":"https:\/\/przedszkole51.edu.wroclaw.pl\/index.php\/wp-json\/wp\/v2\/posts\/5244\/revisions"}],"predecessor-version":[{"id":5273,"href":"https:\/\/przedszkole51.edu.wroclaw.pl\/index.php\/wp-json\/wp\/v2\/posts\/5244\/revisions\/5273"}],"wp:featuredmedia":[{"embeddable":true,"href":"https:\/\/przedszkole51.edu.wroclaw.pl\/index.php\/wp-json\/wp\/v2\/media\/5263"}],"wp:attachment":[{"href":"https:\/\/przedszkole51.edu.wroclaw.pl\/index.php\/wp-json\/wp\/v2\/media?parent=5244"}],"wp:term":[{"taxonomy":"category","embeddable":true,"href":"https:\/\/przedszkole51.edu.wroclaw.pl\/index.php\/wp-json\/wp\/v2\/categories?post=5244"},{"taxonomy":"post_tag","embeddable":true,"href":"https:\/\/przedszkole51.edu.wroclaw.pl\/index.php\/wp-json\/wp\/v2\/tags?post=5244"}],"curies":[{"name":"wp","href":"https:\/\/api.w.org\/{rel}","templated":true}]}}