
{"id":5253,"date":"2025-09-25T13:03:23","date_gmt":"2025-09-25T11:03:23","guid":{"rendered":"https:\/\/przedszkole51.edu.wroclaw.pl\/?p=5253"},"modified":"2025-09-30T08:19:03","modified_gmt":"2025-09-30T06:19:03","slug":"dzienprzedszkolaka","status":"publish","type":"post","link":"https:\/\/przedszkole51.edu.wroclaw.pl\/index.php\/2025\/09\/25\/dzienprzedszkolaka\/","title":{"rendered":"#Dzie\u0144Przedszkolaka"},"content":{"rendered":"<p>Jak ka\u017cde nasze przedszkolne \u015bwi\u0119to z rado\u015bci\u0105 celebrujemy je wsp\u00f3lnie, pe\u0142ni u\u015bmiechu i energii! \ud83d\udc9b<\/p>\n<p>W tym roku w wydaniu sportowym \ud83d\udc9a<\/p>\n<p><img loading=\"lazy\" decoding=\"async\" class=\"alignnone size-medium wp-image-5258\" src=\"https:\/\/przedszkole51.edu.wroclaw.pl\/wp-content\/uploads\/sites\/69\/2025\/09\/Screenshot_20250925-130631_Facebook-241x300.jpg\" alt=\"\" width=\"241\" height=\"300\" srcset=\"https:\/\/przedszkole51.edu.wroclaw.pl\/wp-content\/uploads\/sites\/69\/2025\/09\/Screenshot_20250925-130631_Facebook-241x300.jpg 241w, https:\/\/przedszkole51.edu.wroclaw.pl\/wp-content\/uploads\/sites\/69\/2025\/09\/Screenshot_20250925-130631_Facebook-822x1024.jpg 822w, https:\/\/przedszkole51.edu.wroclaw.pl\/wp-content\/uploads\/sites\/69\/2025\/09\/Screenshot_20250925-130631_Facebook-768x956.jpg 768w, https:\/\/przedszkole51.edu.wroclaw.pl\/wp-content\/uploads\/sites\/69\/2025\/09\/Screenshot_20250925-130631_Facebook.jpg 1080w\" sizes=\"auto, (max-width: 241px) 100vw, 241px\" \/><\/p>\n<p>https:\/\/www.facebook.com\/share\/v\/14LBqSsdBVN\/<\/p>\n","protected":false},"excerpt":{"rendered":"<p>#PrzedszkoleWroc\u0142aw<\/p>\n","protected":false},"author":267,"featured_media":5258,"comment_status":"open","ping_status":"open","sticky":false,"template":"","format":"standard","meta":{"ngg_post_thumbnail":0,"footnotes":""},"categories":[1],"tags":[],"class_list":["post-5253","post","type-post","status-publish","format-standard","has-post-thumbnail","hentry","category-aktualnosci","clearfix"],"_links":{"self":[{"href":"https:\/\/przedszkole51.edu.wroclaw.pl\/index.php\/wp-json\/wp\/v2\/posts\/5253","targetHints":{"allow":["GET"]}}],"collection":[{"href":"https:\/\/przedszkole51.edu.wroclaw.pl\/index.php\/wp-json\/wp\/v2\/posts"}],"about":[{"href":"https:\/\/przedszkole51.edu.wroclaw.pl\/index.php\/wp-json\/wp\/v2\/types\/post"}],"author":[{"embeddable":true,"href":"https:\/\/przedszkole51.edu.wroclaw.pl\/index.php\/wp-json\/wp\/v2\/users\/267"}],"replies":[{"embeddable":true,"href":"https:\/\/przedszkole51.edu.wroclaw.pl\/index.php\/wp-json\/wp\/v2\/comments?post=5253"}],"version-history":[{"count":6,"href":"https:\/\/przedszkole51.edu.wroclaw.pl\/index.php\/wp-json\/wp\/v2\/posts\/5253\/revisions"}],"predecessor-version":[{"id":5278,"href":"https:\/\/przedszkole51.edu.wroclaw.pl\/index.php\/wp-json\/wp\/v2\/posts\/5253\/revisions\/5278"}],"wp:featuredmedia":[{"embeddable":true,"href":"https:\/\/przedszkole51.edu.wroclaw.pl\/index.php\/wp-json\/wp\/v2\/media\/5258"}],"wp:attachment":[{"href":"https:\/\/przedszkole51.edu.wroclaw.pl\/index.php\/wp-json\/wp\/v2\/media?parent=5253"}],"wp:term":[{"taxonomy":"category","embeddable":true,"href":"https:\/\/przedszkole51.edu.wroclaw.pl\/index.php\/wp-json\/wp\/v2\/categories?post=5253"},{"taxonomy":"post_tag","embeddable":true,"href":"https:\/\/przedszkole51.edu.wroclaw.pl\/index.php\/wp-json\/wp\/v2\/tags?post=5253"}],"curies":[{"name":"wp","href":"https:\/\/api.w.org\/{rel}","templated":true}]}}