
{"id":5336,"date":"2025-10-14T07:35:06","date_gmt":"2025-10-14T05:35:06","guid":{"rendered":"https:\/\/przedszkole51.edu.wroclaw.pl\/?p=5336"},"modified":"2025-10-14T07:49:55","modified_gmt":"2025-10-14T05:49:55","slug":"wielka-radosc-w-naszym-przedszkolu","status":"publish","type":"post","link":"https:\/\/przedszkole51.edu.wroclaw.pl\/index.php\/2025\/10\/14\/wielka-radosc-w-naszym-przedszkolu\/","title":{"rendered":"\ud83c\udf1f Wielka rado\u015b\u0107 w naszym przedszkolu! \ud83c\udf1f"},"content":{"rendered":"<div dir=\"auto\"><img loading=\"lazy\" decoding=\"async\" class=\"alignnone size-medium wp-image-5320\" src=\"https:\/\/przedszkole51.edu.wroclaw.pl\/wp-content\/uploads\/sites\/69\/2025\/10\/Screenshot_20251013-214510_Facebook-300x181.jpg\" alt=\"\" width=\"300\" height=\"181\" srcset=\"https:\/\/przedszkole51.edu.wroclaw.pl\/wp-content\/uploads\/sites\/69\/2025\/10\/Screenshot_20251013-214510_Facebook-300x181.jpg 300w, https:\/\/przedszkole51.edu.wroclaw.pl\/wp-content\/uploads\/sites\/69\/2025\/10\/Screenshot_20251013-214510_Facebook-1024x619.jpg 1024w, https:\/\/przedszkole51.edu.wroclaw.pl\/wp-content\/uploads\/sites\/69\/2025\/10\/Screenshot_20251013-214510_Facebook-768x464.jpg 768w, https:\/\/przedszkole51.edu.wroclaw.pl\/wp-content\/uploads\/sites\/69\/2025\/10\/Screenshot_20251013-214510_Facebook.jpg 1080w\" sizes=\"auto, (max-width: 300px) 100vw, 300px\" \/><\/div>\n<div dir=\"auto\"><\/div>\n<div class=\"x14z9mp xat24cr x1lziwak x1vvkbs xtlvy1s x126k92a\">\n<div dir=\"auto\">Z ogromn\u0105 dum\u0105 i wzruszeniem informujemy, \u017ce nasza Pani Wicedyrektor Katarzyna Sty\u015b otrzyma\u0142a dzi\u015b nagrod\u0119 Prezydenta Wroc\u0142awia! <span class=\"html-span xexx8yu xyri2b x18d9i69 x1c1uobl x1hl2dhg x16tdsg8 x1vvkbs x3nfvp2 x1j61x8r x1fcty0u xdj266r xat24cr xm2jcoa x1mpyi22 xxymvpz xlup9mm x1kky2od\"><img loading=\"lazy\" decoding=\"async\" class=\"xz74otr x15mokao x1ga7v0g x16uus16 xbiv7yw\" src=\"https:\/\/static.xx.fbcdn.net\/images\/emoji.php\/v9\/tbe\/1\/16\/1f3c6.png\" alt=\"\ud83c\udfc6\" width=\"16\" height=\"16\" \/><\/span><\/div>\n<div dir=\"auto\"><\/div>\n<\/div>\n<div dir=\"auto\">https:\/\/www.wroclaw.pl\/dla-mieszkanca\/galeria\/dzien-edukacji-narodowej-prezydent-wroclawia-nagrodzil-212-nauczycieli,p,7<\/div>\n","protected":false},"excerpt":{"rendered":"<p>\ud83c\udf1f<\/p>\n","protected":false},"author":267,"featured_media":5320,"comment_status":"open","ping_status":"open","sticky":false,"template":"","format":"standard","meta":{"ngg_post_thumbnail":0,"footnotes":""},"categories":[1],"tags":[],"class_list":["post-5336","post","type-post","status-publish","format-standard","has-post-thumbnail","hentry","category-aktualnosci","clearfix"],"_links":{"self":[{"href":"https:\/\/przedszkole51.edu.wroclaw.pl\/index.php\/wp-json\/wp\/v2\/posts\/5336","targetHints":{"allow":["GET"]}}],"collection":[{"href":"https:\/\/przedszkole51.edu.wroclaw.pl\/index.php\/wp-json\/wp\/v2\/posts"}],"about":[{"href":"https:\/\/przedszkole51.edu.wroclaw.pl\/index.php\/wp-json\/wp\/v2\/types\/post"}],"author":[{"embeddable":true,"href":"https:\/\/przedszkole51.edu.wroclaw.pl\/index.php\/wp-json\/wp\/v2\/users\/267"}],"replies":[{"embeddable":true,"href":"https:\/\/przedszkole51.edu.wroclaw.pl\/index.php\/wp-json\/wp\/v2\/comments?post=5336"}],"version-history":[{"count":6,"href":"https:\/\/przedszkole51.edu.wroclaw.pl\/index.php\/wp-json\/wp\/v2\/posts\/5336\/revisions"}],"predecessor-version":[{"id":5343,"href":"https:\/\/przedszkole51.edu.wroclaw.pl\/index.php\/wp-json\/wp\/v2\/posts\/5336\/revisions\/5343"}],"wp:featuredmedia":[{"embeddable":true,"href":"https:\/\/przedszkole51.edu.wroclaw.pl\/index.php\/wp-json\/wp\/v2\/media\/5320"}],"wp:attachment":[{"href":"https:\/\/przedszkole51.edu.wroclaw.pl\/index.php\/wp-json\/wp\/v2\/media?parent=5336"}],"wp:term":[{"taxonomy":"category","embeddable":true,"href":"https:\/\/przedszkole51.edu.wroclaw.pl\/index.php\/wp-json\/wp\/v2\/categories?post=5336"},{"taxonomy":"post_tag","embeddable":true,"href":"https:\/\/przedszkole51.edu.wroclaw.pl\/index.php\/wp-json\/wp\/v2\/tags?post=5336"}],"curies":[{"name":"wp","href":"https:\/\/api.w.org\/{rel}","templated":true}]}}