
{"id":5784,"date":"2026-01-02T11:23:57","date_gmt":"2026-01-02T10:23:57","guid":{"rendered":"https:\/\/przedszkole51.edu.wroclaw.pl\/?p=5784"},"modified":"2026-01-02T11:31:31","modified_gmt":"2026-01-02T10:31:31","slug":"program-ochrony-ludnosci-i-obrony-cywilnej-na-lata-2025-2026","status":"publish","type":"post","link":"https:\/\/przedszkole51.edu.wroclaw.pl\/index.php\/2026\/01\/02\/program-ochrony-ludnosci-i-obrony-cywilnej-na-lata-2025-2026\/","title":{"rendered":"&#8222;PROGRAM OCHRONY LUDNO\u015aCI I OBRONY CYWILNEJ NA LATA 2025-2026\u201d"},"content":{"rendered":"<header class=\"page-header\">\n<h1 class=\"entry-title\"><\/h1>\n<\/header>\n<div class=\"pe-article-content\">\n<h3>Realizuj\u0105c \u00a0<b>obowi\u0105zek informacyjny<\/b> \u2013 wynikaj\u0105cy z art. 35a ustawy o finansach publicznych \u2013 przy wykorzystaniu \u015brodk\u00f3w z Programu OL i OC informujemy, \u017ce dokonano zakupu ze \u015brodk\u00f3w \u201ePROGRAMU OCHRONY LUDNO\u015aCI I OBRONY CYWILNEJ NA LATA 2025-2026\u201d.\u00a0 Zakupiono: defibrylator, warniki, kubki termiczne oraz karimaty za kwot\u0119 12740,00 z\u0142.<\/h3>\n<\/div>\n<p><a href=\"https:\/\/przedszkole51.edu.wroclaw.pl\/wp-content\/uploads\/sites\/69\/2026\/01\/OLiOC-logo-na-jasne-tlo.pdf\"><img loading=\"lazy\" decoding=\"async\" class=\"wp-image-8351 alignleft\" src=\"https:\/\/przedszkole150.edu.wroclaw.pl\/wp-content\/uploads\/sites\/61\/2025\/12\/OLiOC-logo-na-ciemne-tlo-1536x521-1-1024x347.png\" alt=\"\" width=\"268\" height=\"91\" \/><\/a><img loading=\"lazy\" decoding=\"async\" class=\"alignnone wp-image-5786\" src=\"https:\/\/przedszkole51.edu.wroclaw.pl\/wp-content\/uploads\/sites\/69\/2026\/01\/zal.-nr-4-Miedzynarodowy-znak-obrony-cywilnej-300x300.png\" alt=\"\" width=\"70\" height=\"70\" srcset=\"https:\/\/przedszkole51.edu.wroclaw.pl\/wp-content\/uploads\/sites\/69\/2026\/01\/zal.-nr-4-Miedzynarodowy-znak-obrony-cywilnej-300x300.png 300w, https:\/\/przedszkole51.edu.wroclaw.pl\/wp-content\/uploads\/sites\/69\/2026\/01\/zal.-nr-4-Miedzynarodowy-znak-obrony-cywilnej-150x150.png 150w, https:\/\/przedszkole51.edu.wroclaw.pl\/wp-content\/uploads\/sites\/69\/2026\/01\/zal.-nr-4-Miedzynarodowy-znak-obrony-cywilnej.png 600w\" sizes=\"auto, (max-width: 70px) 100vw, 70px\" \/><\/p>\n","protected":false},"excerpt":{"rendered":"<p>.<\/p>\n","protected":false},"author":267,"featured_media":5786,"comment_status":"open","ping_status":"open","sticky":false,"template":"","format":"standard","meta":{"ngg_post_thumbnail":0,"footnotes":""},"categories":[1],"tags":[],"class_list":["post-5784","post","type-post","status-publish","format-standard","has-post-thumbnail","hentry","category-aktualnosci","clearfix"],"_links":{"self":[{"href":"https:\/\/przedszkole51.edu.wroclaw.pl\/index.php\/wp-json\/wp\/v2\/posts\/5784","targetHints":{"allow":["GET"]}}],"collection":[{"href":"https:\/\/przedszkole51.edu.wroclaw.pl\/index.php\/wp-json\/wp\/v2\/posts"}],"about":[{"href":"https:\/\/przedszkole51.edu.wroclaw.pl\/index.php\/wp-json\/wp\/v2\/types\/post"}],"author":[{"embeddable":true,"href":"https:\/\/przedszkole51.edu.wroclaw.pl\/index.php\/wp-json\/wp\/v2\/users\/267"}],"replies":[{"embeddable":true,"href":"https:\/\/przedszkole51.edu.wroclaw.pl\/index.php\/wp-json\/wp\/v2\/comments?post=5784"}],"version-history":[{"count":4,"href":"https:\/\/przedszkole51.edu.wroclaw.pl\/index.php\/wp-json\/wp\/v2\/posts\/5784\/revisions"}],"predecessor-version":[{"id":5790,"href":"https:\/\/przedszkole51.edu.wroclaw.pl\/index.php\/wp-json\/wp\/v2\/posts\/5784\/revisions\/5790"}],"wp:featuredmedia":[{"embeddable":true,"href":"https:\/\/przedszkole51.edu.wroclaw.pl\/index.php\/wp-json\/wp\/v2\/media\/5786"}],"wp:attachment":[{"href":"https:\/\/przedszkole51.edu.wroclaw.pl\/index.php\/wp-json\/wp\/v2\/media?parent=5784"}],"wp:term":[{"taxonomy":"category","embeddable":true,"href":"https:\/\/przedszkole51.edu.wroclaw.pl\/index.php\/wp-json\/wp\/v2\/categories?post=5784"},{"taxonomy":"post_tag","embeddable":true,"href":"https:\/\/przedszkole51.edu.wroclaw.pl\/index.php\/wp-json\/wp\/v2\/tags?post=5784"}],"curies":[{"name":"wp","href":"https:\/\/api.w.org\/{rel}","templated":true}]}}