
{"id":6072,"date":"2026-03-31T08:44:15","date_gmt":"2026-03-31T06:44:15","guid":{"rendered":"https:\/\/przedszkole51.edu.wroclaw.pl\/?p=6072"},"modified":"2026-03-31T08:50:24","modified_gmt":"2026-03-31T06:50:24","slug":"wellbefi-zdalny-psycholog-2","status":"publish","type":"post","link":"https:\/\/przedszkole51.edu.wroclaw.pl\/index.php\/2026\/03\/31\/wellbefi-zdalny-psycholog-2\/","title":{"rendered":"#Zdalnypsycholog"},"content":{"rendered":"<div class=\"xdj266r x14z9mp xat24cr x1lziwak x1vvkbs x126k92a\">\n<div dir=\"auto\">Czasem zastanawiasz si\u0119, czy Twoje dziecko zachowuje si\u0119 \u201cprawid\u0142owo&#8221;? To normalne. Por\u00f3wnywanie z r\u00f3wie\u015bnikami, sprzeczne informacje i presja otoczenia mog\u0105 budzi\u0107 niepok\u00f3j. Dlatego podczas Live Sesji w ramach Wellbefi Zdalny Psycholog postaramy si\u0119 rozwia\u0107 w\u0105tpliwo\u015bci i udzieli\u0107 odpowiedzi na najcz\u0119stsze pytania.<\/div>\n<\/div>\n<div class=\"x14z9mp xat24cr x1lziwak x1vvkbs xtlvy1s x126k92a\">\n<div dir=\"auto\">Data i temat spotkania:<\/div>\n<div dir=\"auto\">Wtorek, 31.03, godz. 17.00 &#8211; Rozw\u00f3j przedszkolaka bez presji &#8211; co jest norm\u0105 a co sygna\u0142em ostrzegawczym?<\/div>\n<div dir=\"auto\">Jak wygl\u0105da typowy rozw\u00f3j dziecka w wieku przedszkolnym. Jakie trudno\u015bci s\u0105 naturaln\u0105 cz\u0119\u015bci\u0105 rozwoju, a jakie mog\u0105 by\u0107 sygna\u0142em, \u017ce dziecko potrzebuje dodatkowego wsparcia. Na co warto zwraca\u0107 uwag\u0119 w codziennym funkcjonowaniu dziecka oraz jak odr\u00f3\u017cni\u0107 etap rozwojowy od trudno\u015bci wymagaj\u0105cych konsultacji.<\/div>\n<\/div>\n<div class=\"x14z9mp xat24cr x1lziwak x1vvkbs xtlvy1s x126k92a\">\n<div dir=\"auto\">Dodatkowa LS z Go\u015bciem Specjalnym, certyfikowanym psychologiem sportu dr. Marcinem Kochanowskim:<\/div>\n<div dir=\"auto\">\u015aroda. 01.04, godz. 17.00 &#8211; Wyznaczania cel\u00f3w osobistych w sporcie<\/div>\n<div dir=\"auto\">Jak wyznacza\u0107 sobie cele, aby skutecznie je realizowa\u0107. Sposoby mistrz\u00f3w do wykorzystania na boisku, w szkole, w domu i w pracy.<\/div>\n<\/div>\n<div class=\"x14z9mp xat24cr x1lziwak x1vvkbs xtlvy1s x126k92a\">\n<div dir=\"auto\">A mo\u017ce bajka na dobranoc? Zapraszamy do wsp\u00f3lnego s\u0142uchania z dzieckiem Bajek Terapeutycznych czytanych dla Was na \u017cywo przez psycholog\u00f3w z Fundacji Wsp\u00f3lnie dla Sprawy! Kiedy? Codziennie (pon.-pt.) o godz. 13.00 i o 19.00.<\/div>\n<\/div>\n<div class=\"x14z9mp xat24cr x1lziwak x1vvkbs xtlvy1s x126k92a\">\n<div dir=\"auto\">Jak do\u0142\u0105czy\u0107 do sesji lub pos\u0142ucha\u0107 bajki? Wystarczy klikn\u0105\u0107 wid\u017cet projektu Wellbefi Zdalny Psycholog na stronie internetowej przedszkola. Transmisja rozpocznie si\u0119 automatycznie o wskazanej godzinie.<\/div>\n<\/div>\n<div class=\"x14z9mp xat24cr x1lziwak x1vvkbs xtlvy1s x126k92a\">\n<div dir=\"auto\">&#8212;&#8212;&#8212;&#8212;&#8212;&#8212;&#8212;&#8212;&#8212;&#8212;&#8212;&#8212;<\/div>\n<div dir=\"auto\">Fundacja Wsp\u00f3lnie dla Sprawy realizuje projekt dla szk\u00f3\u0142 i przedszkoli Wellbefi Zdalny Psycholog, kt\u00f3ry umo\u017cliwia uczniom, rodzicom i nauczycielom dost\u0119p do bezp\u0142atnych konsultacji psychologicznych online oraz Live Sesji na tematy zwi\u0105zane z dobrostanem psychicznym.<\/div>\n<\/div>\n<div class=\"x14z9mp xat24cr x1lziwak x1vvkbs xtlvy1s x126k92a\">\n<div dir=\"auto\"><span class=\"html-span xdj266r x14z9mp xat24cr x1lziwak xexx8yu xyri2b x18d9i69 x1c1uobl x1hl2dhg x16tdsg8 x1vvkbs\"><a class=\"x1i10hfl xjbqb8w x1ejq31n x18oe1m7 x1sy0etr xstzfhl x972fbf x10w94by x1qhh985 x14e42zd x9f619 x1ypdohk xt0psk2 x3ct3a4 xdj266r x14z9mp xat24cr x1lziwak xexx8yu xyri2b x18d9i69 x1c1uobl x16tdsg8 x1hl2dhg xggy1nq x1a2a7pz xkrqix3 x1sur9pj x1fey0fg x1s688f\" role=\"link\" href=\"https:\/\/www.facebook.com\/hashtag\/zdalnypsycholog?__eep__=6&amp;__cft__[0]=AZZnslYErjSi1vrX3ulSjNWz5LOBfVk9Ugnc0PlBFaP7i0s-xnEvnm5sm2Fowu2ef4QdS1_QtVUghBo_-JCZZGvDOaMzBJYQ7Myi0vAzt2Jr4sFeSV0QR8QUGnNoST813t4d9qOJdZkJ1QTx-WPfWuGLNxPrYjU_AWFqkJZFn_vbjVc-tf0FHpbN5qLpArHHITn9LzsgDqhQC2OgzfKA2n8l&amp;__tn__=*NK-R\">#Zdalnypsycholog<\/a><\/span><\/div>\n<\/div>\n<div dir=\"auto\"><img loading=\"lazy\" decoding=\"async\" class=\"alignnone size-medium wp-image-6074\" src=\"https:\/\/przedszkole51.edu.wroclaw.pl\/wp-content\/uploads\/sites\/69\/2026\/03\/660440043_122179901432876686_7666242033753477646_n-200x300.jpg\" alt=\"\" width=\"200\" height=\"300\" srcset=\"https:\/\/przedszkole51.edu.wroclaw.pl\/wp-content\/uploads\/sites\/69\/2026\/03\/660440043_122179901432876686_7666242033753477646_n-200x300.jpg 200w, https:\/\/przedszkole51.edu.wroclaw.pl\/wp-content\/uploads\/sites\/69\/2026\/03\/660440043_122179901432876686_7666242033753477646_n.jpg 526w\" sizes=\"auto, (max-width: 200px) 100vw, 200px\" \/><\/div>\n","protected":false},"excerpt":{"rendered":"<p>Zapraszamy do wsp\u00f3lnego s\u0142uchania z dzieckiem Bajek Terapeutycznych.<\/p>\n","protected":false},"author":267,"featured_media":6074,"comment_status":"open","ping_status":"open","sticky":false,"template":"","format":"standard","meta":{"ngg_post_thumbnail":0,"footnotes":""},"categories":[1],"tags":[],"class_list":["post-6072","post","type-post","status-publish","format-standard","has-post-thumbnail","hentry","category-aktualnosci","clearfix"],"_links":{"self":[{"href":"https:\/\/przedszkole51.edu.wroclaw.pl\/index.php\/wp-json\/wp\/v2\/posts\/6072","targetHints":{"allow":["GET"]}}],"collection":[{"href":"https:\/\/przedszkole51.edu.wroclaw.pl\/index.php\/wp-json\/wp\/v2\/posts"}],"about":[{"href":"https:\/\/przedszkole51.edu.wroclaw.pl\/index.php\/wp-json\/wp\/v2\/types\/post"}],"author":[{"embeddable":true,"href":"https:\/\/przedszkole51.edu.wroclaw.pl\/index.php\/wp-json\/wp\/v2\/users\/267"}],"replies":[{"embeddable":true,"href":"https:\/\/przedszkole51.edu.wroclaw.pl\/index.php\/wp-json\/wp\/v2\/comments?post=6072"}],"version-history":[{"count":5,"href":"https:\/\/przedszkole51.edu.wroclaw.pl\/index.php\/wp-json\/wp\/v2\/posts\/6072\/revisions"}],"predecessor-version":[{"id":6078,"href":"https:\/\/przedszkole51.edu.wroclaw.pl\/index.php\/wp-json\/wp\/v2\/posts\/6072\/revisions\/6078"}],"wp:featuredmedia":[{"embeddable":true,"href":"https:\/\/przedszkole51.edu.wroclaw.pl\/index.php\/wp-json\/wp\/v2\/media\/6074"}],"wp:attachment":[{"href":"https:\/\/przedszkole51.edu.wroclaw.pl\/index.php\/wp-json\/wp\/v2\/media?parent=6072"}],"wp:term":[{"taxonomy":"category","embeddable":true,"href":"https:\/\/przedszkole51.edu.wroclaw.pl\/index.php\/wp-json\/wp\/v2\/categories?post=6072"},{"taxonomy":"post_tag","embeddable":true,"href":"https:\/\/przedszkole51.edu.wroclaw.pl\/index.php\/wp-json\/wp\/v2\/tags?post=6072"}],"curies":[{"name":"wp","href":"https:\/\/api.w.org\/{rel}","templated":true}]}}